{"id":33563,"date":"2015-11-21T12:45:32","date_gmt":"2015-11-21T11:45:32","guid":{"rendered":"http:\/\/2horizontes.com\/?p=33563"},"modified":"2015-11-21T12:45:32","modified_gmt":"2015-11-21T11:45:32","slug":"detuvieron-en-turquia-a-un-marroqui-vinculado-con-los-atentados-en-paris","status":"publish","type":"post","link":"https:\/\/2horizontes.com\/?p=33563","title":{"rendered":"Detuvieron en Turqu\u00eda a un marroqu\u00ed vinculado con los atentados en Par\u00eds"},"content":{"rendered":"<p>El oriundo de Marruecos de 26 a\u00f1os fue detenido en un hotel de lujo en Antalya, una ciudad en la costa sur del pa\u00eds, ubicada en el distrito de Manavgat.<\/p>\n<div>Justamente, all\u00ed se realiz\u00f3 el 15 y 16 de noviembre la cumbre del G20 que congreg\u00f3 a presidentes y jefes de Estado.<\/p>\n<div>\n<div>\n<div id=\"embed6_wrap\" class=\"embed_cont type_freetext\">\n<div id=\"embed6_content\" class=\"embed_content\">\n<div id=\"embed6_embed\">\n<div class=\"tweet-embed\"><\/div>\n<\/div>\n<\/div>\n<\/div>\n<\/div>\n<div>Seg\u00fan inform\u00f3 la agencia de noticias local <i>Dogan<\/i>, el hombre que contaba con la nacionalidad belga habr\u00eda sido uno de los terroristas involucrados del Estado Isl\u00e1mico (ISIS, por sus siglas en ingl\u00e9s) en los atentados perpetrados en Par\u00eds que dejaron al menos 132 v\u00edctimas fatales.<\/div>\n<div><\/div>\n<div>Equipos de seguridad de la Direcci\u00f3n de Lucha contra el Terror siguieron los pasos de Dahmani desde el pasado 16 de noviembre.<\/div>\n<div><\/div>\n<div>La supuesta tarea de la persona que formar\u00eda parte del movimiento extremista fue <b>explorar los lugares que luego ser\u00edan atacados por los yihadistas suicidas<\/b>.<\/div>\n<div><\/div>\n<div>\n<div id=\"2121383-Grande-1661502534_wrap\" class=\"embed_cont type_imagen\">\n<div id=\"2121383-Grande-1661502534_content\" class=\"embed_content\"><img decoding=\"async\" id=\"2121383-Grande-1661502534_embed\" src=\"http:\/\/cdn01.am.infobae.com\/adjuntos\/163\/imagenes\/013\/794\/0013794654.jpg?0000-00-00-00-00-00\" alt=\"Los sirios detenidos en Turqu\u00eda intentaban regresar a su pa\u00eds\" \/><\/div>\n<div id=\"2121383-Grande-1661502534_epigrafe\" class=\"embed_epigrafe\">Los sirios detenidos en Turqu\u00eda intentaban regresar a su pa\u00eds<\/div>\n<div id=\"2121383-Grande-1661502534_copyright\" class=\"embed_copyright\">Dogan<\/div>\n<\/div>\n<\/div>\n<div><\/div>\n<div>Otros dos hombres, ambos de origen sirio, identificados como Mohammed Verd y Ahmet Tahir tambi\u00e9n <b>fueron detenidos en una carretera cercana bajo la sospecha que fueron enviados por el ISIS para garantizar el paso seguro de Dahmani <\/b>a trav\u00e9s de la frontera y estaban intentado escapar hacia Siria.<\/div>\n<\/div>\n<div><\/div>\n<div>Las tres personas fueron llevadas ante la Corte y se encuentran en prisi\u00f3n.<\/div>\n<div><\/div>\n<div>\n<div id=\"2121384-Grande-1216972002_wrap\" class=\"embed_cont type_imagen\">\n<div id=\"2121384-Grande-1216972002_content\" class=\"embed_content\"><img decoding=\"async\" id=\"2121384-Grande-1216972002_embed\" src=\"http:\/\/cdn01.am.infobae.com\/adjuntos\/163\/imagenes\/013\/794\/0013794662.jpg?0000-00-00-00-00-00\" alt=\"Los tres hombres contaban con pasaportes falsos\" \/><\/div>\n<div id=\"2121384-Grande-1216972002_epigrafe\" class=\"embed_epigrafe\">Los tres hombres contaban con pasaportes falsos<\/div>\n<div id=\"2121384-Grande-1216972002_copyright\" class=\"embed_copyright\">Dogan<\/div>\n<\/div>\n<\/div>\n<\/div>\n<div>\n<div>Seg\u00fan el diario <i>Hurriyet<\/i>, antes del inicio de la cumbre del G20 la Polic\u00eda de Turqu\u00eda encontr\u00f3 <b>los planes en contra la reuni\u00f3n de los l\u00edderes mundiales en el ordenador de Yunus Durmaz<\/b>, considerado uno de los cerebros detr\u00e1s del atentado de Ankara que caus\u00f3 la muerte de 102 personas.<\/div>\n<div><\/div>\n<div>Las fuerzas de seguridad tambi\u00e9n encontraron en la vivienda de Durmaz en Gaziantep, una ciudad cercana a la frontera siria, un dep\u00f3sito de armas con <b>seis fusiles AK-47, una pistola, 22 granadas de mano y numerosa munici\u00f3n<\/b>.<\/div>\n<div><\/div>\n<div>La documentaci\u00f3n interceptada revela tambi\u00e9n que<b> los yihadistas hab\u00edan designado 26 objetivos en 18 provincias turcas<\/b>, entre los que se inclu\u00eda a la comunidad jud\u00eda y a la alauita, as\u00ed como a grupos turcos de izquierda.<\/div>\n<div><\/div>\n<\/div>\n<div>F. Infobae.<\/div>\n","protected":false},"excerpt":{"rendered":"<p>El oriundo de Marruecos de 26 a\u00f1os fue detenido en un hotel de lujo en Antalya, una ciudad en la costa sur del pa\u00eds, ubicada en el distrito de Manavgat. Justamente, all\u00ed se realiz\u00f3 el 15 y 16 de noviembre la cumbre del G20 que congreg\u00f3 a presidentes y jefes de Estado. Seg\u00fan inform\u00f3 la [&hellip;]<\/p>\n","protected":false},"author":7,"featured_media":33564,"comment_status":"open","ping_status":"open","sticky":false,"template":"","format":"standard","meta":{"footnotes":""},"categories":[86,40],"tags":[],"class_list":["post-33563","post","type-post","status-publish","format-standard","has-post-thumbnail","hentry","category-europa","category-internacionales"],"_links":{"self":[{"href":"https:\/\/2horizontes.com\/index.php?rest_route=\/wp\/v2\/posts\/33563","targetHints":{"allow":["GET"]}}],"collection":[{"href":"https:\/\/2horizontes.com\/index.php?rest_route=\/wp\/v2\/posts"}],"about":[{"href":"https:\/\/2horizontes.com\/index.php?rest_route=\/wp\/v2\/types\/post"}],"author":[{"embeddable":true,"href":"https:\/\/2horizontes.com\/index.php?rest_route=\/wp\/v2\/users\/7"}],"replies":[{"embeddable":true,"href":"https:\/\/2horizontes.com\/index.php?rest_route=%2Fwp%2Fv2%2Fcomments&post=33563"}],"version-history":[{"count":1,"href":"https:\/\/2horizontes.com\/index.php?rest_route=\/wp\/v2\/posts\/33563\/revisions"}],"predecessor-version":[{"id":33565,"href":"https:\/\/2horizontes.com\/index.php?rest_route=\/wp\/v2\/posts\/33563\/revisions\/33565"}],"wp:featuredmedia":[{"embeddable":true,"href":"https:\/\/2horizontes.com\/index.php?rest_route=\/wp\/v2\/media\/33564"}],"wp:attachment":[{"href":"https:\/\/2horizontes.com\/index.php?rest_route=%2Fwp%2Fv2%2Fmedia&parent=33563"}],"wp:term":[{"taxonomy":"category","embeddable":true,"href":"https:\/\/2horizontes.com\/index.php?rest_route=%2Fwp%2Fv2%2Fcategories&post=33563"},{"taxonomy":"post_tag","embeddable":true,"href":"https:\/\/2horizontes.com\/index.php?rest_route=%2Fwp%2Fv2%2Ftags&post=33563"}],"curies":[{"name":"wp","href":"https:\/\/api.w.org\/{rel}","templated":true}]}}