{"id":33554,"date":"2015-11-21T12:12:07","date_gmt":"2015-11-21T11:12:07","guid":{"rendered":"http:\/\/2horizontes.com\/?p=33554"},"modified":"2015-11-21T12:13:53","modified_gmt":"2015-11-21T11:13:53","slug":"parlamento-frances-decide-prolongar-tres-meses-el-estado-de-emergencia","status":"publish","type":"post","link":"https:\/\/2horizontes.com\/?p=33554","title":{"rendered":"Parlamento franc\u00e9s decide prolongar tres meses el estado de emergencia"},"content":{"rendered":"<div id=\"ArticleAuthorDiv\" class=\"article-body-author\"><b>EFE<\/b><\/div>\n<div id=\"ArticleSourceDiv\" class=\"article-body-author\"><b>Par\u00eds<\/b><\/div>\n<div id=\"ArticleBody\">\n<p>El Parlamento franc\u00e9s adopt\u00f3 ayer definitivamente el refuerzo y la prolongaci\u00f3n del estado de emergencia en Francia durante tres meses, con el voto casi un\u00e1nime del Senado, tras los atentados que el viernes pasado mataron a al menos 130 personas.<\/p>\n<p>De los 348 senadores presentes, 336 votaron a favor y doce se abstuvieron, por lo que el proyecto de ley fue adoptado definitivamente.<\/p>\n<p>El texto hab\u00eda sido aprobado la v\u00edspera en la Asamblea Nacional (C\u00e1mara Baja), aunque frente a los 551 diputados que votaron a favor, y adem\u00e1s de una abstenci\u00f3n, se contabilizaron seis votos en contra.<\/p>\n<\/div>\n<div><\/div>\n<p>&nbsp;<\/p>\n","protected":false},"excerpt":{"rendered":"<p>EFE Par\u00eds El Parlamento franc\u00e9s adopt\u00f3 ayer definitivamente el refuerzo y la prolongaci\u00f3n del estado de emergencia en Francia durante tres meses, con el voto casi un\u00e1nime del Senado, tras los atentados que el viernes pasado mataron a al menos 130 personas. De los 348 senadores presentes, 336 votaron a favor y doce se abstuvieron, [&hellip;]<\/p>\n","protected":false},"author":7,"featured_media":33556,"comment_status":"open","ping_status":"open","sticky":false,"template":"","format":"standard","meta":{"footnotes":""},"categories":[86,40,43],"tags":[],"class_list":["post-33554","post","type-post","status-publish","format-standard","has-post-thumbnail","hentry","category-europa","category-internacionales","category-politica"],"_links":{"self":[{"href":"https:\/\/2horizontes.com\/index.php?rest_route=\/wp\/v2\/posts\/33554","targetHints":{"allow":["GET"]}}],"collection":[{"href":"https:\/\/2horizontes.com\/index.php?rest_route=\/wp\/v2\/posts"}],"about":[{"href":"https:\/\/2horizontes.com\/index.php?rest_route=\/wp\/v2\/types\/post"}],"author":[{"embeddable":true,"href":"https:\/\/2horizontes.com\/index.php?rest_route=\/wp\/v2\/users\/7"}],"replies":[{"embeddable":true,"href":"https:\/\/2horizontes.com\/index.php?rest_route=%2Fwp%2Fv2%2Fcomments&post=33554"}],"version-history":[{"count":1,"href":"https:\/\/2horizontes.com\/index.php?rest_route=\/wp\/v2\/posts\/33554\/revisions"}],"predecessor-version":[{"id":33555,"href":"https:\/\/2horizontes.com\/index.php?rest_route=\/wp\/v2\/posts\/33554\/revisions\/33555"}],"wp:featuredmedia":[{"embeddable":true,"href":"https:\/\/2horizontes.com\/index.php?rest_route=\/wp\/v2\/media\/33556"}],"wp:attachment":[{"href":"https:\/\/2horizontes.com\/index.php?rest_route=%2Fwp%2Fv2%2Fmedia&parent=33554"}],"wp:term":[{"taxonomy":"category","embeddable":true,"href":"https:\/\/2horizontes.com\/index.php?rest_route=%2Fwp%2Fv2%2Fcategories&post=33554"},{"taxonomy":"post_tag","embeddable":true,"href":"https:\/\/2horizontes.com\/index.php?rest_route=%2Fwp%2Fv2%2Ftags&post=33554"}],"curies":[{"name":"wp","href":"https:\/\/api.w.org\/{rel}","templated":true}]}}