{"id":33534,"date":"2015-11-21T01:30:12","date_gmt":"2015-11-21T00:30:12","guid":{"rendered":"http:\/\/2horizontes.com\/?p=33534"},"modified":"2015-11-21T01:30:12","modified_gmt":"2015-11-21T00:30:12","slug":"termina-la-toma-de-rehenes-en-el-hotel-de-mali-atacado-por-hombres-armados","status":"publish","type":"post","link":"https:\/\/2horizontes.com\/?p=33534","title":{"rendered":"Termina la toma de rehenes en el hotel de Mali atacado por hombres armados"},"content":{"rendered":"<p class=\"story-body__introduction\">Las autoridades en Mali confirmaron que ya no hay m\u00e1s rehenes dentro del hotel Radisson Blu de la capital, Bamako.<\/p>\n<p>Hombres armados que se sospecha est\u00e1n vinculados con el extremismo isl\u00e1mico, retuvieron a un grupo de 170 rehenes durante m\u00e1s de siete horas este viernes.<\/p>\n<p>Los grupos al-Qaeda en el Magreb Isl\u00e1mico (AQMI) y al-Murabitun se atribuyeron el ataque.<\/p>\n<p>Las autoridades de Mali dijeron que al menos 21 personas murieron, incluidos dos atacantes.<\/p>\n<p>Seg\u00fan diversas fuentes, entre los fallecidios habr\u00eda un estadounidense, un belga y tres chinos.<\/p>\n<p>Previamente, la agencia de noticias Reuters hab\u00eda se\u00f1alado que las fuerzas de Naciones Unidas contaron hasta 27 cuerpos.<\/p>\n<p>Un portavoz de la misi\u00f3n de la ONU en Mali, Olivier Salgado, indic\u00f3 que las fuerzas de seguridad fueron habitaci\u00f3n por habitaci\u00f3n en busca de posibles v\u00edctimas.<\/p>\n<p><strong>\u00abLa toma de rehenes ha finalizado. Estamos en proceso de asegurar el hotel\u00bb<\/strong>, dijo una fuente militar maliense a la agencia AFP, informaci\u00f3n que fue confirmada por el ministro de Seguridad.<\/p>\n<p>El presidente de Mali, Ibrahim Boubacar Ke\u00efta, regres\u00f3 de urgencia a la capital del pa\u00eds para tener una reuni\u00f3n extraordinaria con sus ministros.<\/p>\n<p>Reuters inform\u00f3 que una fuente de las fuerzas de seguridad hab\u00eda asegurado que los rehenes capaces de recitar versos del Cor\u00e1n hab\u00edan sido liberados por los atacantes.<\/p>\n<figure class=\"media-landscape has-caption full-width\"><span class=\"image-and-copyright-container\"><img loading=\"lazy\" decoding=\"async\" class=\"js-image-replace\" src=\"http:\/\/ichef-1.bbci.co.uk\/news\/ws\/624\/amz\/worldservice\/live\/assets\/images\/2015\/11\/20\/151120200045_sp_hostages_siege_in_mali_624x351_epa_nocredit.jpg\" alt=\"Rehenes en Mali\" width=\"624\" height=\"351\" \/>Las fuerzas de seguridad lograron desalojar a todos los rehenes.<\/span><\/figure>\n<figure class=\"media-landscape has-caption full-width\"><span class=\"image-and-copyright-container\"><img loading=\"lazy\" decoding=\"async\" class=\"js-image-replace\" src=\"http:\/\/ichef.bbci.co.uk\/news\/ws\/624\/amz\/worldservice\/live\/assets\/images\/2015\/11\/20\/151120171031_lobby_mali_624x351_bbc_nocredit.jpg\" alt=\"Rescate de rehenes en el lobby del hotel\" width=\"624\" height=\"351\" \/><\/span><figcaption class=\"media-caption\"><span class=\"off-screen\">Image caption<\/span><span class=\"media-caption__text\">Rescate de rehenes en el vest\u00edbulo del hotel.<\/span><\/figcaption><\/figure>\n<p>&#8212;&#8212;&#8212;&#8212;&#8212;&#8212;<\/p>\n<h2 class=\"story-body__crosshead\">An\u00e1lisis de Frank Gardner, corresponsal de la BBC para asuntos de seguridad<\/h2>\n<p>La responsabilidad asumida por un oscuro grupo yihadista aliado de al Qaeda de estar detr\u00e1s del ataque es un recordatorio de que el pa\u00eds africano todav\u00eda se enfrenta a una insurgencia.<\/p>\n<p>En 2013, fuerzas francesas le dieron un fuerte rev\u00e9s a al Qaeda al recuperar el control de Mali.<\/p>\n<p>Pero Mali es un pa\u00eds grande, pobre, con fronteras porosas y largas \u00e1reas sin gobernar donde los grupos yihadistas han sido capaces de esconderse y planear ataques.<\/p>\n<p>No ayuda el hecho de que resulte f\u00e1cil introducir armas procedentes de Libia ni la cercan\u00eda de la insurgencia en Nigeria donde Boko Haram mat\u00f3 a m\u00e1s personas el a\u00f1o pasado que el autodenominado Estado Isl\u00e1mico en Siria e Irak.<\/p>\n<p>Est\u00e1 claro que Mali seguir\u00e1 necesitando apoyo militar internacional.<\/p>\n<p>Pero para derrotar al terrorismo a largo plazo necesitar\u00e1 tambi\u00e9n asegurar las fronteras, mejorar la gobernabilidad y ofrecer m\u00e1s oportunidades econ\u00f3micas a los j\u00f3venes malienses.<\/p>\n<p>&#8212;&#8212;&#8212;&#8212;&#8212;&#8212;<\/p>\n<h2 class=\"story-body__crosshead\">Fuerte despliegue de seguridad<\/h2>\n<p>Una periodista dentro del lobby del Radisson Blu le coment\u00f3 a la BBC que hab\u00eda una gran presencia de fuerzas de seguridad.<\/p>\n<p>Tambi\u00e9n habl\u00f3 con testigos que le dijeron que los atacantes abrieron fuego en el lobby antes de desplazarse a los pisos de arriba.<\/p>\n<p>Muchos hu\u00e9spedes hab\u00edan quedado atrapados en sus habitaciones.<span class=\"image-and-copyright-container\"><img decoding=\"async\" class=\"js-image-replace\" src=\"http:\/\/ichef-1.bbci.co.uk\/news\/304\/\" alt=\"\" \/><\/span><\/p>\n<p>Miembros de las fuerzas armadas de Estados Unidos estaban en Bamako en el momento del ataque y algunos de ellos ayudaron \u00abcon la movilizaci\u00f3n de civiles a lugares seguros, mientras las fuerzas malienses recuperan el hotel tomado por hombres armados hostiles\u00bb.<\/p>\n<p>Seg\u00fan Reuters, el Pent\u00e1gono declar\u00f3 que los 22 empleados militares y civiles del Departamento de Defensa de EE.UU. estaban todos presentes y contados.<\/p>\n<p>No se reportaron heridos entre ese grupo, a\u00f1adi\u00f3.<\/p>\n<h2 class=\"story-body__crosshead\">Popular<\/h2>\n<p>En el hotel de 190 habitaciones, ubicado en una zona exclusiva de la ciudad, estaban hospedados ciudadanos de varias naciones ya que es muy popular entre extranjeros que viven o trabajan en el pa\u00eds.<\/p>\n<figure class=\"media-landscape has-caption full-width\"><span class=\"image-and-copyright-container\"><img loading=\"lazy\" decoding=\"async\" class=\"js-image-replace\" src=\"http:\/\/ichef-1.bbci.co.uk\/news\/ws\/624\/amz\/worldservice\/live\/assets\/images\/2015\/11\/20\/151120135956_mali_hostage_624x351_ap_nocredit.jpg\" alt=\"Mali\" width=\"624\" height=\"351\" \/><span class=\"off-screen\">Image copyright<\/span><span class=\"story-image-copyright\">AP<\/span><\/span><figcaption class=\"media-caption\"><span class=\"off-screen\">Image caption<\/span><span class=\"media-caption__text\">En el hotel estaban hospedados ciudadanos de varios pa\u00edses.<\/span><\/figcaption><\/figure>\n<p>Air France indic\u00f3 que 12 miembros de su personal hab\u00edan sido liberados.<\/p>\n<p>La aerol\u00ednea turca Turkish Airlines afirm\u00f3 que cinco de sus empleados salieron del hotel pero otros dos hab\u00edan permanecido adentro.<\/p>\n<p>La televisi\u00f3n china indic\u00f3 que 10 ciudadanos de ese pa\u00eds estaban hospedados en el hotel pero fueron rescatados.<\/p>\n<figure class=\"media-landscape no-caption full-width\"><span class=\"image-and-copyright-container\"><img loading=\"lazy\" decoding=\"async\" class=\"js-image-replace\" src=\"http:\/\/ichef.bbci.co.uk\/news\/ws\/624\/amz\/worldservice\/live\/assets\/images\/2015\/11\/20\/151120114237_mali_hotel_attack_map624_spanish.jpg\" alt=\"\" width=\"624\" height=\"455\" \/><\/span><\/figure>\n<p>Tambi\u00e9n hab\u00eda 20 ciudadanos indios dentro del complejo que, seg\u00fan la embajada de India en Mali, est\u00e1n a salvo.<\/p>\n<p>En cuanto a los autores del ataque, la agencia Reuters informa que el grupo yihadista Al Murabitoun se atribuy\u00f3 la responsabilidad de los hechos en su cuenta de Twitter. Pero esto no ha podido ser confirmado.<\/p>\n<p>Al Murabitoun est\u00e1 formado por dos grupos que se separaron de una de las ramas de al Qaeda en el norte de \u00c1frica.<\/p>\n<p>Por su parte, la cadena Al Jazeera identific\u00f3 al grupo como \u00abAnsar al Din\u00bb (\u00abSimpatizantes de la religi\u00f3n\u00bb), que es activo en Mali.<\/p>\n<p>El corresponsal de la cadena en Mali describe al grupo como \u00abun movimiento extremista que busca implementar la sharia (ley) isl\u00e1mica en Mali\u00bb. Esto no ha sido confirmado por fuentes oficiales.<\/p>\n<p>Tal como indicaron los testigos al inicio de la toma, los atacantes entraron piso por piso en el hotel y liberaron a los hu\u00e9spedes que pod\u00edan recitar el Cor\u00e1n.<\/p>\n<h2 class=\"story-body__crosshead\"><\/h2>\n<figure class=\"media-landscape has-caption full-width\"><span class=\"image-and-copyright-container\"><img loading=\"lazy\" decoding=\"async\" class=\"js-image-replace\" src=\"http:\/\/ichef.bbci.co.uk\/news\/ws\/624\/amz\/worldservice\/live\/assets\/images\/2015\/11\/20\/151120102818_mali_bamako_hotel_hostage_security_forces_2_624x351_afp.jpg\" alt=\"Hotel\" width=\"624\" height=\"351\" \/>Si bien la toma de rehenes finaliz\u00f3, la operaci\u00f3n sigue en marcha en busca de los atacantes.<\/span><\/figure>\n<p>Uno de los testigos describi\u00f3 a los hombres armados como \u00abyihadistas disparando en el corredor\u00bb del hotel.<\/p>\n<h2 class=\"story-body__crosshead\">Fuerzas<\/h2>\n<p>Se entiende que la operaci\u00f3n de rescate est\u00e1 liderada por soldados y fuerzas especiales de seguridad de Mali que recorren todas las plantas del edfificio.<\/p>\n<p>La fuerza de mantenimiento de paz de la ONU inform\u00f3 que estaba ayudando a la operaci\u00f3n.<\/p>\n<p>Las fuerzas de la ONU son responsables de la seguridad en Mali desde el retiro de las tropas francesas y africanas en julio de 2013, cuando las principales ciudades del norte del pa\u00eds fueron recuperadas de los militantes islamistas.<\/p>\n<h2 class=\"story-body__crosshead\"><\/h2>\n<figure class=\"media-landscape has-caption body-narrow-width\"><span class=\"image-and-copyright-container\"><img loading=\"lazy\" decoding=\"async\" class=\"js-image-replace\" src=\"http:\/\/ichef.bbci.co.uk\/news\/ws\/304\/amz\/worldservice\/live\/assets\/images\/2015\/11\/20\/151120091839_radisson_blu_hotel_304x171_radissonbluhotel_nocredit.jpg\" alt=\"Hotel\" width=\"304\" height=\"171\" \/><\/span><\/figure>\n<figure class=\"media-landscape has-caption body-narrow-width\">No est\u00e1 confirmado qui\u00e9n est\u00e1 detr\u00e1s del ataque.<\/figure>\n<p>Francia, el antiguo poder colonial en Mali, intervino en el pa\u00eds despu\u00e9s de que militantes vinculados a al Qaeda amenazaron con entrar a Bamako en enero de 2013 despu\u00e9s de tomar control del norte del pa\u00eds.<\/p>\n<ul class=\"story-body__unordered-list\">\n<li class=\"story-body__list-item\">Qu\u00e9 busca Francia en Mali<\/li>\n<\/ul>\n<p>En agosto supuestos islamistas armados mataron a 13 personas, incluidos cinco trabajadores de la ONU, durante una toma de rehenes en un hotel en la ciudad de Sevare, en el centro de Mali.<\/p>\n<p>El corresponsal de la BBC de asuntos de seguridad de \u00c1frica Tomi Oladipo se\u00f1ala que el ataque surge d\u00edas despu\u00e9s de que Iyad Ag Ghaly, el l\u00edder del grupo militante islamista Ansar Dine, llam\u00f3 a cometer ataques contra Francia y sus intereses en Mali.<\/p>\n<p>Este grupo, vinculado a al Qaeda, es uno de los que fueron expulsados de las ciudades norte\u00f1as en 2013.<\/p>\n","protected":false},"excerpt":{"rendered":"<p>Las autoridades en Mali confirmaron que ya no hay m\u00e1s rehenes dentro del hotel Radisson Blu de la capital, Bamako. Hombres armados que se sospecha est\u00e1n vinculados con el extremismo isl\u00e1mico, retuvieron a un grupo de 170 rehenes durante m\u00e1s de siete horas este viernes. Los grupos al-Qaeda en el Magreb Isl\u00e1mico (AQMI) y al-Murabitun [&hellip;]<\/p>\n","protected":false},"author":4,"featured_media":33535,"comment_status":"open","ping_status":"open","sticky":false,"template":"","format":"standard","meta":{"footnotes":""},"categories":[51,40],"tags":[],"class_list":["post-33534","post","type-post","status-publish","format-standard","has-post-thumbnail","hentry","category-africa","category-internacionales"],"_links":{"self":[{"href":"https:\/\/2horizontes.com\/index.php?rest_route=\/wp\/v2\/posts\/33534","targetHints":{"allow":["GET"]}}],"collection":[{"href":"https:\/\/2horizontes.com\/index.php?rest_route=\/wp\/v2\/posts"}],"about":[{"href":"https:\/\/2horizontes.com\/index.php?rest_route=\/wp\/v2\/types\/post"}],"author":[{"embeddable":true,"href":"https:\/\/2horizontes.com\/index.php?rest_route=\/wp\/v2\/users\/4"}],"replies":[{"embeddable":true,"href":"https:\/\/2horizontes.com\/index.php?rest_route=%2Fwp%2Fv2%2Fcomments&post=33534"}],"version-history":[{"count":1,"href":"https:\/\/2horizontes.com\/index.php?rest_route=\/wp\/v2\/posts\/33534\/revisions"}],"predecessor-version":[{"id":33536,"href":"https:\/\/2horizontes.com\/index.php?rest_route=\/wp\/v2\/posts\/33534\/revisions\/33536"}],"wp:featuredmedia":[{"embeddable":true,"href":"https:\/\/2horizontes.com\/index.php?rest_route=\/wp\/v2\/media\/33535"}],"wp:attachment":[{"href":"https:\/\/2horizontes.com\/index.php?rest_route=%2Fwp%2Fv2%2Fmedia&parent=33534"}],"wp:term":[{"taxonomy":"category","embeddable":true,"href":"https:\/\/2horizontes.com\/index.php?rest_route=%2Fwp%2Fv2%2Fcategories&post=33534"},{"taxonomy":"post_tag","embeddable":true,"href":"https:\/\/2horizontes.com\/index.php?rest_route=%2Fwp%2Fv2%2Ftags&post=33534"}],"curies":[{"name":"wp","href":"https:\/\/api.w.org\/{rel}","templated":true}]}}