{"id":33523,"date":"2015-11-20T18:24:35","date_gmt":"2015-11-20T17:24:35","guid":{"rendered":"http:\/\/2horizontes.com\/?p=33523"},"modified":"2015-11-20T18:26:02","modified_gmt":"2015-11-20T17:26:02","slug":"un-policia-fuera-de-servicio-rescata-a-un-hombre-inconsciente-que-cayo-al-metro-opera-madrid","status":"publish","type":"post","link":"https:\/\/2horizontes.com\/?p=33523","title":{"rendered":"Un Polic\u00eda fuera de servicio rescata a un hombre inconsciente que cay\u00f3 al metro de Opera Madrid"},"content":{"rendered":"<p>Un polic\u00eda nacional de Valencia fuera de servicio rescat\u00f3 ayer a un hombre inconsciente que hab\u00eda ca\u00eddo a las v\u00edas de la madrile\u00f1a estaci\u00f3n de metro de \u00d3pera cuando faltaba tan solo un minuto para la llegada del tren.<\/p>\n<p>Seg\u00fan informa hoy la Polic\u00eda en un comunicado, el suceso ocurri\u00f3 en la ma\u00f1ana de ayer, cuando un agente que esperaba el tren en la estaci\u00f3n vio c\u00f3mo un hombre de 81 a\u00f1os ca\u00eda a las v\u00edas y quedaba inconsciente, momento en el que, sin dudarlo, el polic\u00eda y otro ciudadano bajaron para rescatarlo a sabiendas de que el margen de actuaci\u00f3n era muy corto.<\/p>\n<p>El hombre recuper\u00f3 la consciencia en el momento que fue incorporado al and\u00e9n y asistido por el agente, a la espera de que llegaran los servicios sanitarios del Samur, que hab\u00eda sido puesto sobre aviso.<\/p>\n<p>El agente fuera de servicio cont\u00f3 con la ayuda de otro hombre que tambi\u00e9n salt\u00f3 a la v\u00eda, donde el polic\u00eda comprob\u00f3 que la v\u00edctima ten\u00eda bastantes heridas y la cabeza sangrando, pero manten\u00eda las constantes vitales.<\/p>\n<p>Gracias a la asistencia del polic\u00eda nacional recuper\u00f3 la consciencia y se mantuvo aturdido junto al agente a la espera del Samur mientras \u00e9ste comprobaba su estado de consciencia con preguntas e intentaba tranquilizarlo.<\/p>\n<p>El polic\u00eda, destinado en la Brigada Provincial de Polic\u00eda Cient\u00edfica de la Jefatura Superior de Valencia, se encontraba en la capital para gestionar unos temas personales en su d\u00eda libre.<\/p>\n","protected":false},"excerpt":{"rendered":"<p>Un polic\u00eda nacional de Valencia fuera de servicio rescat\u00f3 ayer a un hombre inconsciente que hab\u00eda ca\u00eddo a las v\u00edas de la madrile\u00f1a estaci\u00f3n de metro de \u00d3pera cuando faltaba tan solo un minuto para la llegada del tren. Seg\u00fan informa hoy la Polic\u00eda en un comunicado, el suceso ocurri\u00f3 en la ma\u00f1ana de ayer, [&hellip;]<\/p>\n","protected":false},"author":3,"featured_media":33524,"comment_status":"open","ping_status":"open","sticky":false,"template":"","format":"standard","meta":{"footnotes":""},"categories":[85],"tags":[],"class_list":["post-33523","post","type-post","status-publish","format-standard","has-post-thumbnail","hentry","category-espana"],"_links":{"self":[{"href":"https:\/\/2horizontes.com\/index.php?rest_route=\/wp\/v2\/posts\/33523","targetHints":{"allow":["GET"]}}],"collection":[{"href":"https:\/\/2horizontes.com\/index.php?rest_route=\/wp\/v2\/posts"}],"about":[{"href":"https:\/\/2horizontes.com\/index.php?rest_route=\/wp\/v2\/types\/post"}],"author":[{"embeddable":true,"href":"https:\/\/2horizontes.com\/index.php?rest_route=\/wp\/v2\/users\/3"}],"replies":[{"embeddable":true,"href":"https:\/\/2horizontes.com\/index.php?rest_route=%2Fwp%2Fv2%2Fcomments&post=33523"}],"version-history":[{"count":2,"href":"https:\/\/2horizontes.com\/index.php?rest_route=\/wp\/v2\/posts\/33523\/revisions"}],"predecessor-version":[{"id":33526,"href":"https:\/\/2horizontes.com\/index.php?rest_route=\/wp\/v2\/posts\/33523\/revisions\/33526"}],"wp:featuredmedia":[{"embeddable":true,"href":"https:\/\/2horizontes.com\/index.php?rest_route=\/wp\/v2\/media\/33524"}],"wp:attachment":[{"href":"https:\/\/2horizontes.com\/index.php?rest_route=%2Fwp%2Fv2%2Fmedia&parent=33523"}],"wp:term":[{"taxonomy":"category","embeddable":true,"href":"https:\/\/2horizontes.com\/index.php?rest_route=%2Fwp%2Fv2%2Fcategories&post=33523"},{"taxonomy":"post_tag","embeddable":true,"href":"https:\/\/2horizontes.com\/index.php?rest_route=%2Fwp%2Fv2%2Ftags&post=33523"}],"curies":[{"name":"wp","href":"https:\/\/api.w.org\/{rel}","templated":true}]}}