{"id":33470,"date":"2015-11-20T12:30:44","date_gmt":"2015-11-20T11:30:44","guid":{"rendered":"http:\/\/2horizontes.com\/?p=33470"},"modified":"2015-11-20T12:35:23","modified_gmt":"2015-11-20T11:35:23","slug":"espana-sigue-la-pista-de-al-menos-tres-coches-sospechosos-mientras-ultima-operaciones","status":"publish","type":"post","link":"https:\/\/2horizontes.com\/?p=33470","title":{"rendered":"Espa\u00f1a sigue la pista de al menos tres coches sospechosos mientras ultima operaciones"},"content":{"rendered":"<p><strong>Espa\u00f1a.<\/strong><\/p>\n<p>Las pistas se suceden. Y hay que comprobarlas una a una. Los atentados de Par\u00eds\u00a0est\u00e1n generando un reguero de informaciones que <strong>los servicios antiterroristas franceses est\u00e1n compartiendo con otras inteligencias europeas<\/strong>, entre ellas Espa\u00f1a, frontera sur de Francia. De momento, las pesquisas apuntan a dos huidos: Salah\u00a0Abdeslam, de 26 a\u00f1os\u00a0y supuesto jefe de los cuatro equipos de terroristas que hab\u00eda en Par\u00eds (tres consiguieron realizar ataques),\u00a0y Mohamed Khoualed, de 19 a\u00f1os, un experto en explosivos que la Polic\u00eda sit\u00faa como la persona que dise\u00f1\u00f3 los cinturones de explosivos que portaban los terroristas. <strong>Aunque es muy dif\u00edcil que ambos se hayan refugiado en Espa\u00f1a,<\/strong> los servicios antiterroristas de nuestro pa\u00eds, alertados por Francia, siguen la pista con especial atenci\u00f3n a tres veh\u00edculos. Adem\u00e1s, Espa\u00f1a ultima operaciones contra elementos yihadistas, seg\u00fan han explicado fuentes de la Guardia Civil a El Confidencial, una especie de \u00abacci\u00f3n reacci\u00f3n que busca lanzar mensajes n\u00edtidos a los terroristas\u00bb.<\/p>\n<p>En Espa\u00f1a la alerta es m\u00e1xima. <strong>La proximidad del cl\u00e1sico de la Liga espa\u00f1ola, el Real Madrid-F\u00fatbol Club Barcelona,<\/strong> ha motivado para este s\u00e1bado un despliegue de seguridad sin precedentes. El partido es un acontecimiento mundial, y \u00abaunque en un principio puede ser\u00a0un escaparate sin duda muy especial que puede atraer tentaciones indeseables, las medidas adoptadas desaconsejan cualquier ataque porque es muy dif\u00edcil que tenga \u00e9xito\u00bb. La Delegaci\u00f3n del Gobierno ha acordado destinar\u00a0<strong>un millar de efectivos de la Polic\u00eda Nacional<\/strong>\u00a0a garantizar la seguridad del evento, a los que se sumar\u00e1n otros\u00a0122 polic\u00edas locales y\u00a01.195 vigilantes privados que pondr\u00e1 el Real Madrid.<\/p>\n<p>La Delegaci\u00f3n del Gobierno ha lanzado un mensaje de tranquilidad basado en la profesionalidad que han demostrado siempre las fuerzas de seguridad en Espa\u00f1a, aunque s\u00ed ha recomendado a los asistentes que acudan\u00a0<strong>\u00abcon suficiente antelaci\u00f3n\u00bb<\/strong>\u00a0al estadio -que se abrir\u00e1 dos horas antes del encuentro- y \u00abdebidamente documentados\u00bb. La Polic\u00eda, de hecho, llevar\u00e1 a cabo exhaustivos controles y pedir\u00e1 la documentaci\u00f3n a los que ronden la zona con el fin de mantener la seguridad.<\/p>\n<h2>Posible cambio de imagen<\/h2>\n<p>En nuestro pa\u00eds, los servicios antiterroristas est\u00e1n ya sobre la pista de un <strong>Ford Mondeo de color gris, una furgoneta blanca de matr\u00edcula belga y un Seat Altea de color gris.<\/strong> Son solo pistas, que conllevan serios indicios, y est\u00e1n siendo analizadas por los servicios antiterroristas espa\u00f1oles. La polic\u00eda gala cree que Salah Abdeslam\u00a0ha cambiado su imagen y usa otro nombre, Baghli Yassine. Es posible que utilice pelucas, se haya puestos gafas y se est\u00e9 moviendo en un Ford Mondeo de color gris o una furgoneta blanca matr\u00edcula belga. En el Pa\u00eds Vasco, frontera con Francia, tanto la Ertzaintza como la Polic\u00eda Nacional y la Guardia Civil <strong>han recibido el aviso de un Seat Altea gris que no estar\u00eda relacionado directamente con los atentados de Francia,<\/strong> sino con sospechosos de una operaci\u00f3n en territorio nacional. Espa\u00f1a tiene actualmente el nivel cuatro de alerta antiterrorista, aunque con \u00ab\u00e1mbitos de seguridad reforzada\u00bb. Por ejemplo, ayer jueves la presencia policial en la M-30, principal arteria de comunicaci\u00f3n de la capital, era muy importante.<\/p>\n<div class=\"articlephoto news-width-text\">\n<figure class=\"news-img-figure\"><img decoding=\"async\" class=\"news-img-def \" src=\"http:\/\/www.ecestaticos.com\/image\/clipping\/654\/b6612b6c601307cb02d9b25cb04e9b59\/posible-cambio-de-imagen-de-saleh-abdeslam.jpg\" alt=\"Posible cambio de imagen de Salah Abdeslam.\" \/><figcaption class=\"news-img-caption-def\">Posible cambio de imagen de Salah Abdeslam.<\/figcaption><\/figure>\n<\/div>\n<p>Las mismas fuentes destacan que se <strong>est\u00e1n ultimando operaciones antiterroristas en nuestro pa\u00eds<\/strong>, sobre todo las que tienen la investigaci\u00f3n m\u00e1s avanzada, una especie de mensaje que el Gobierno espa\u00f1ol, a trav\u00e9s del Ministerio del Interior, quiere lanzar al Estado Isl\u00e1mico, \u00abuna especie de acci\u00f3n reacci\u00f3n a los atentados en Francia, un aviso claro de que en Espa\u00f1a la inteligencia funciona y se est\u00e1 muy encima de grupos con vinculaciones yihadistas\u00bb.\u00a0Asimismo, se han intensificado los\u00a0controles en las\u00a0fronteras\u00a0de Ceuta y Melilla\u00a0y se ha aumentado la vigilancia en los centros jud\u00edos en territorio nacional.<\/p>\n<h2>Consejo de Seguridad Nacional<\/h2>\n<p>El presidente del Gobierno,\u00a0<strong>Mariano Rajoy<\/strong>, convoc\u00f3 ayer una reuni\u00f3n extraordinaria del Consejo de Seguridad Nacional con el fin de evaluar la amenaza terrorista en Espa\u00f1a despu\u00e9s de los\u00a0atentados de Par\u00eds. El encuentro tiene lugar hoy a partir de las 9:00 en el Palacio de la Moncloa y se centra en abordar la conveniencia de continuar con las medidas puestas en marcha desde el pasado s\u00e1bado. Se trata de la decimosegunda reuni\u00f3n que celebra el\u00a0<strong>Consejo de Seguridad Nacional<\/strong>\u00a0desde que fue creado en 2013 como consecuencia de la aprobaci\u00f3n de la primera Estrategia de Seguridad Nacional.<\/p>\n<p>Adem\u00e1s de Rajoy,\u00a0a la reuni\u00f3n asisten la vicepresidenta del Gobierno,<strong>\u00a0Soraya S\u00e1enz de Santamar\u00eda<\/strong>;\u00a0el\u00a0ministro\u00a0de Asuntos Exteriores,\u00a0<strong>Jos\u00e9 Manuel Garc\u00eda-Margallo<\/strong>;\u00a0el de Justicia,\u00a0<strong>Rafael Catal\u00e1<\/strong>; el de Defensa,\u00a0<strong>Pedro Moren\u00e9s<\/strong>; el de Hacienda,\u00a0<strong>Crist\u00f3bal Montoro<\/strong>; el de Interior,\u00a0<strong>Jorge Fern\u00e1ndez D\u00edaz<\/strong>; la de Fomento,\u00a0<strong>Ana Pastor<\/strong>; el de Industria,\u00a0<strong>Jos\u00e9 Manuel Soria<\/strong>; el de Econom\u00eda,\u00a0<strong>Luis de Guindos<\/strong>; el de Sanidad,\u00a0<strong>Alfonso Alonso<\/strong>; el secretario de Estado de Exteriores,\u00a0<strong>Ignacio Yb\u00e1\u00f1ez Rubio<\/strong>; el jefe de\u00a0Estado Mayor de la Defensa, el almirante\u00a0<strong>Fernando Garc\u00eda S\u00e1nchez<\/strong>; el secretario de Estado de Seguridad,\u00a0<strong>Francisco Mart\u00ednez,<\/strong>\u00a0y el director del Centro Nacional de Inteligencia (CNI),\u00a0<strong>F\u00e9lix Sanz Rold\u00e1n<\/strong>.<\/p>\n<p>Se trata de la reuni\u00f3n de m\u00e1s alto nivel del pa\u00eds y<strong> evaluar\u00e1 las medidas que ya se han decidido en encuentros como el que se celebr\u00f3 el pasado martes en el Ministerio del Interior<\/strong> en el marco del Plan de Prevenci\u00f3n y Protecci\u00f3n Antiterrorista para determinar el nivel de alerta m\u00e1s conveniente. A este \u00faltimo encuentro asistieron Fern\u00e1ndez D\u00edaz, Mart\u00ednez y los responsables de los servicios de informaci\u00f3n (antiterrorismo) de la Polic\u00eda, la Guardia Civil y\u00a0el CNI, adem\u00e1s del director del Centro de Inteligencia contra el Terrorismo y el Crimen Organizado,<strong>\u00a0Jos\u00e9 Luis Olivera<\/strong>.<\/p>\n<p>Los integrantes de esta \u00faltima\u00a0reuni\u00f3n, que pusieron en com\u00fan la informaci\u00f3n que todos ellos ten\u00edan en relaci\u00f3n con la amenaza que sufr\u00eda el pa\u00eds,\u00a0<strong>acordaron\u00a0mantener el nivel cuatro de alerta antiterrorista<\/strong> (riesgo alto de sufrir un ataque), establecido el pasado 26 de junio tras los atentados yihadistas perpetrados en\u00a0Francia, T\u00fanez y Kuwait.\u00a0El encuentro, que tiene lugar peri\u00f3dicamente todos los viernes,\u00a0fue convocado tambi\u00e9n de forma extraordinaria por el ministro del Interior.<\/p>\n<p>F. El Confidencial.<\/p>\n","protected":false},"excerpt":{"rendered":"<p>Espa\u00f1a. Las pistas se suceden. Y hay que comprobarlas una a una. Los atentados de Par\u00eds\u00a0est\u00e1n generando un reguero de informaciones que los servicios antiterroristas franceses est\u00e1n compartiendo con otras inteligencias europeas, entre ellas Espa\u00f1a, frontera sur de Francia. De momento, las pesquisas apuntan a dos huidos: Salah\u00a0Abdeslam, de 26 a\u00f1os\u00a0y supuesto jefe de los [&hellip;]<\/p>\n","protected":false},"author":7,"featured_media":33479,"comment_status":"open","ping_status":"open","sticky":false,"template":"","format":"standard","meta":{"footnotes":""},"categories":[85,86,40],"tags":[],"class_list":["post-33470","post","type-post","status-publish","format-standard","has-post-thumbnail","hentry","category-espana","category-europa","category-internacionales"],"_links":{"self":[{"href":"https:\/\/2horizontes.com\/index.php?rest_route=\/wp\/v2\/posts\/33470","targetHints":{"allow":["GET"]}}],"collection":[{"href":"https:\/\/2horizontes.com\/index.php?rest_route=\/wp\/v2\/posts"}],"about":[{"href":"https:\/\/2horizontes.com\/index.php?rest_route=\/wp\/v2\/types\/post"}],"author":[{"embeddable":true,"href":"https:\/\/2horizontes.com\/index.php?rest_route=\/wp\/v2\/users\/7"}],"replies":[{"embeddable":true,"href":"https:\/\/2horizontes.com\/index.php?rest_route=%2Fwp%2Fv2%2Fcomments&post=33470"}],"version-history":[{"count":4,"href":"https:\/\/2horizontes.com\/index.php?rest_route=\/wp\/v2\/posts\/33470\/revisions"}],"predecessor-version":[{"id":33483,"href":"https:\/\/2horizontes.com\/index.php?rest_route=\/wp\/v2\/posts\/33470\/revisions\/33483"}],"wp:featuredmedia":[{"embeddable":true,"href":"https:\/\/2horizontes.com\/index.php?rest_route=\/wp\/v2\/media\/33479"}],"wp:attachment":[{"href":"https:\/\/2horizontes.com\/index.php?rest_route=%2Fwp%2Fv2%2Fmedia&parent=33470"}],"wp:term":[{"taxonomy":"category","embeddable":true,"href":"https:\/\/2horizontes.com\/index.php?rest_route=%2Fwp%2Fv2%2Fcategories&post=33470"},{"taxonomy":"post_tag","embeddable":true,"href":"https:\/\/2horizontes.com\/index.php?rest_route=%2Fwp%2Fv2%2Ftags&post=33470"}],"curies":[{"name":"wp","href":"https:\/\/api.w.org\/{rel}","templated":true}]}}