{"id":33376,"date":"2015-11-19T17:18:00","date_gmt":"2015-11-19T16:18:00","guid":{"rendered":"http:\/\/2horizontes.com\/?p=33376"},"modified":"2015-11-19T17:18:00","modified_gmt":"2015-11-19T16:18:00","slug":"30-anos-de-carcel-a-hombre-mato-a-otro-para-despojarlo-de-su-arma-rd","status":"publish","type":"post","link":"https:\/\/2horizontes.com\/?p=33376","title":{"rendered":"30 a\u00f1os de c\u00e1rcel a hombre mat\u00f3 a otro para despojarlo de su arma RD"},"content":{"rendered":"<p>RD-SANTO DOMINGO.- El Primer Tribunal Colegiado de Santo Domingo conden\u00f3 a 30 a\u00f1os de prisi\u00f3n a un hombre que mat\u00f3 a otro durante un atraco en el sector Herrera, de Santo Domingo Oeste.<\/p>\n<p>Ruddy Jovanny Monta\u00f1o Castro, de 30 a\u00f1os, fue juzgado por el asesinato de Manuel de Jes\u00fas Torres Gonz\u00e1les, de 75.<\/p>\n<p>Seg\u00fan los documentos presentados en el juicio, el 9 de diciembre de 2012 el imputado intercept\u00f3 a Torres Gonz\u00e1les cuando \u00e9ste sal\u00eda de un centro cervecero en la calle San Mart\u00edn de Porres, lo despoj\u00f3 de una pistola que portaba legalmente, lo mat\u00f3 de dos balazos y huy\u00f3 en una motocicleta con el arma y una cadena de oro del hoy occiso.<\/p>\n<p>Monta\u00f1o Castro, quien deber\u00e1 cumplir su condena en la c\u00e1rcel de La Victoria, fue apresado mientras comet\u00eda otro delito el 3 de enero de 2013, en el municipio Nizao, de Ban\u00ed.<\/p>\n","protected":false},"excerpt":{"rendered":"<p>RD-SANTO DOMINGO.- El Primer Tribunal Colegiado de Santo Domingo conden\u00f3 a 30 a\u00f1os de prisi\u00f3n a un hombre que mat\u00f3 a otro durante un atraco en el sector Herrera, de Santo Domingo Oeste. Ruddy Jovanny Monta\u00f1o Castro, de 30 a\u00f1os, fue juzgado por el asesinato de Manuel de Jes\u00fas Torres Gonz\u00e1les, de 75. Seg\u00fan los [&hellip;]<\/p>\n","protected":false},"author":8,"featured_media":33378,"comment_status":"open","ping_status":"open","sticky":false,"template":"","format":"standard","meta":{"footnotes":""},"categories":[53,44],"tags":[],"class_list":["post-33376","post","type-post","status-publish","format-standard","has-post-thumbnail","hentry","category-provincias","category-republica-dominicana"],"_links":{"self":[{"href":"https:\/\/2horizontes.com\/index.php?rest_route=\/wp\/v2\/posts\/33376","targetHints":{"allow":["GET"]}}],"collection":[{"href":"https:\/\/2horizontes.com\/index.php?rest_route=\/wp\/v2\/posts"}],"about":[{"href":"https:\/\/2horizontes.com\/index.php?rest_route=\/wp\/v2\/types\/post"}],"author":[{"embeddable":true,"href":"https:\/\/2horizontes.com\/index.php?rest_route=\/wp\/v2\/users\/8"}],"replies":[{"embeddable":true,"href":"https:\/\/2horizontes.com\/index.php?rest_route=%2Fwp%2Fv2%2Fcomments&post=33376"}],"version-history":[{"count":1,"href":"https:\/\/2horizontes.com\/index.php?rest_route=\/wp\/v2\/posts\/33376\/revisions"}],"predecessor-version":[{"id":33379,"href":"https:\/\/2horizontes.com\/index.php?rest_route=\/wp\/v2\/posts\/33376\/revisions\/33379"}],"wp:featuredmedia":[{"embeddable":true,"href":"https:\/\/2horizontes.com\/index.php?rest_route=\/wp\/v2\/media\/33378"}],"wp:attachment":[{"href":"https:\/\/2horizontes.com\/index.php?rest_route=%2Fwp%2Fv2%2Fmedia&parent=33376"}],"wp:term":[{"taxonomy":"category","embeddable":true,"href":"https:\/\/2horizontes.com\/index.php?rest_route=%2Fwp%2Fv2%2Fcategories&post=33376"},{"taxonomy":"post_tag","embeddable":true,"href":"https:\/\/2horizontes.com\/index.php?rest_route=%2Fwp%2Fv2%2Ftags&post=33376"}],"curies":[{"name":"wp","href":"https:\/\/api.w.org\/{rel}","templated":true}]}}