{"id":33356,"date":"2015-11-19T16:58:18","date_gmt":"2015-11-19T15:58:18","guid":{"rendered":"http:\/\/2horizontes.com\/?p=33356"},"modified":"2015-11-19T16:58:18","modified_gmt":"2015-11-19T15:58:18","slug":"el-govern-libra-del-impuesto-turistico-a-enfermos-e-imserso","status":"publish","type":"post","link":"https:\/\/2horizontes.com\/?p=33356","title":{"rendered":"El Govern libra del impuesto tur\u00edstico a enfermos e Imserso"},"content":{"rendered":"<p>Los turistas que viajen en crucero a Baleares pagar\u00e1n en temporada alta un euro por el impuesto tur\u00edstico sostenible que se cobrar\u00e1 a partir de 2016, que no tendr\u00e1n que abonar ni los enfermos ni sus acompa\u00f1antes que se desplacen entre las islas por razones sanitarias, ni las personas mayores del Imserso.<\/p>\n<p>Se trata las \u00faltimas modificaciones introducidas por la Conselleria de Innovaci\u00f3n, Investigaci\u00f3n y Turismo.<\/p>\n<p>Las entidades de la sociedad civil y los ciudadanos de Baleares tienen 15 d\u00edas para opinar y presentar sus alegaciones al futuro impuesto del turismo sostenible.<\/p>\n<p>El Govern balear ha publicado en el Bolet\u00edn Oficial de las Islas Baleares (BOIB) el anteproyecto de ley del Impuesto del Turismo Sostenible, cuyo fin es preservar el territorio y el paisaje y reinvertir fondos en un \u00abturismo mejor basado en la calidad y en la sostenibilidad\u00bb, seg\u00fan recoge el comunicado emitido por el ejecutivo.<\/p>\n<p>El anteproyecto publicado hoy permanecer\u00e1 en exposici\u00f3n p\u00fablica durante 15 d\u00edas h\u00e1biles.<\/p>\n<p>El ejecutivo tendr\u00e1 en cuenta estas alegaciones antes de aprobar y enviar el proyecto al Parlament con el objetivo de generar el m\u00e1ximo consenso y el debate social posible para la obtenci\u00f3n de una norma adaptada a las \u00abnecesidades reales\u00bb de la ciudadan\u00eda.<\/p>\n","protected":false},"excerpt":{"rendered":"<p>Los turistas que viajen en crucero a Baleares pagar\u00e1n en temporada alta un euro por el impuesto tur\u00edstico sostenible que se cobrar\u00e1 a partir de 2016, que no tendr\u00e1n que abonar ni los enfermos ni sus acompa\u00f1antes que se desplacen entre las islas por razones sanitarias, ni las personas mayores del Imserso. Se trata las [&hellip;]<\/p>\n","protected":false},"author":3,"featured_media":33360,"comment_status":"open","ping_status":"open","sticky":false,"template":"","format":"standard","meta":{"footnotes":""},"categories":[64],"tags":[],"class_list":["post-33356","post","type-post","status-publish","format-standard","has-post-thumbnail","hentry","category-turismo"],"_links":{"self":[{"href":"https:\/\/2horizontes.com\/index.php?rest_route=\/wp\/v2\/posts\/33356","targetHints":{"allow":["GET"]}}],"collection":[{"href":"https:\/\/2horizontes.com\/index.php?rest_route=\/wp\/v2\/posts"}],"about":[{"href":"https:\/\/2horizontes.com\/index.php?rest_route=\/wp\/v2\/types\/post"}],"author":[{"embeddable":true,"href":"https:\/\/2horizontes.com\/index.php?rest_route=\/wp\/v2\/users\/3"}],"replies":[{"embeddable":true,"href":"https:\/\/2horizontes.com\/index.php?rest_route=%2Fwp%2Fv2%2Fcomments&post=33356"}],"version-history":[{"count":1,"href":"https:\/\/2horizontes.com\/index.php?rest_route=\/wp\/v2\/posts\/33356\/revisions"}],"predecessor-version":[{"id":33361,"href":"https:\/\/2horizontes.com\/index.php?rest_route=\/wp\/v2\/posts\/33356\/revisions\/33361"}],"wp:featuredmedia":[{"embeddable":true,"href":"https:\/\/2horizontes.com\/index.php?rest_route=\/wp\/v2\/media\/33360"}],"wp:attachment":[{"href":"https:\/\/2horizontes.com\/index.php?rest_route=%2Fwp%2Fv2%2Fmedia&parent=33356"}],"wp:term":[{"taxonomy":"category","embeddable":true,"href":"https:\/\/2horizontes.com\/index.php?rest_route=%2Fwp%2Fv2%2Fcategories&post=33356"},{"taxonomy":"post_tag","embeddable":true,"href":"https:\/\/2horizontes.com\/index.php?rest_route=%2Fwp%2Fv2%2Ftags&post=33356"}],"curies":[{"name":"wp","href":"https:\/\/api.w.org\/{rel}","templated":true}]}}