{"id":33340,"date":"2015-11-19T16:45:09","date_gmt":"2015-11-19T15:45:09","guid":{"rendered":"http:\/\/2horizontes.com\/?p=33340"},"modified":"2015-11-19T16:45:09","modified_gmt":"2015-11-19T15:45:09","slug":"dominguez-brito-mas-jueces-estan-en-la-mira-rd","status":"publish","type":"post","link":"https:\/\/2horizontes.com\/?p=33340","title":{"rendered":"Dominguez Brito, Mas  jueces est\u00e1n en la mira RD"},"content":{"rendered":"<p>RD- SANTO DOMINGO- La Procuradur\u00eda General de la Rep\u00fablica contempla someter ante la justicia penal al exmiembro del Consejo del Poder Judicial, Francisco Arias Valera, acusado de encabezar una supuesta estructura que se dedicaba a manipular procesos judiciales.Francisco Dom\u00ednguez Brito asegur\u00f3 que la libertad del regidor por Pedro Brand, Erickson de los Santos Sol\u00eds, fue a cambio de dinero dado a la suspendida jueza de la Cuarta Sala Penal del Distrito Nacional, Awilda Reyes.<\/p>\n<p>\u201cEl caso del regidor es un caso muy serio, muy delicado donde hubo dinero involucrado de por medio, donde actores y exactores del Poder Judicial suministraron ese dinero y donde se produjo esa decisi\u00f3n contra una persona jefe de un grupo de sicarios, jefe de microtr\u00e1fico en esa zona y responsable de la gran cantidad de invasiones de tierra que han ocurrido en todo su sector\u201d, expres\u00f3 Dom\u00ednguez Brito.<\/p>\n<p>Enfatiz\u00f3 que en los casos donde actores del sistema son parte del crimen, no cree en las destituciones solamente, sino que debe de haber prisi\u00f3n porque el que se equivoca tiene que asumir su responsabilidad.<\/p>\n<p>Explic\u00f3 que investigan otros casos y jueces por su presunta vinculaci\u00f3n con infractores de la ley por lo que debe de haber una decisi\u00f3n colectiva, Ministerio P\u00fablico y los organismos disciplinarios del Poder Judicial, para enfrentar el tema.<\/p>\n<p>\u201cYo creo que aqu\u00ed hay una crisis en todo la esfera judicial que desemboc\u00f3 con estos \u00faltimos seis casos y que indudablemente hay otros casos y todo esto tiene ramificaciones, enlaces que nos obligan a actuar de manera muy firme\u201d, argument\u00f3.<\/p>\n<p><strong>Fijan audiencia de juicio<\/strong><\/p>\n<p>El Consejo Superior del Poder Judicial fij\u00f3 para el 27 de este mes el conocimiento del juicio disciplinario contra tres de los cinco jueces suspendidos por supuestamente manipular procesos en favor del crimen organizado y del narcotr\u00e1fico.<\/p>\n<p>La audiencia, donde se conocer\u00e1n las acusaciones contra los suspendidos magistrados Jos\u00e9 Duverg\u00e9, del Quinto Juzgado de la Instrucci\u00f3n de la Provincia Santo Domingo; Roso Vallejo, y V\u00edctor Mej\u00eda Lebr\u00f3n, de la C\u00e1mara Penal de la Corte de Apelaci\u00f3n de la misma jurisdicci\u00f3n, se ventilar\u00e1 en la Suprema Corte de Justicia (SCJ) a las 10:00 de la ma\u00f1ana. Fueron suspendidos sin disfrute de sueldo.<\/p>\n<p>El Consejo suspendi\u00f3 tambi\u00e9n a Awilda Reyes, de la Cuarta Sala Penal de Distrito Nacional y Delio Germ\u00e1n, del Cuarto Tribunal Colegiado de esa demarcaci\u00f3n a ra\u00edz de la investigaci\u00f3n que lleva a cabo el procurador general, la cual tambi\u00e9n incluye al exmiembro de Consejo Francisco Arias, todos acusados de manipular casos y negociar libertades de personas ligadas al crimen organizado principalmente en las \u00e1reas del narcotr\u00e1fico, lavado de activos y corrupci\u00f3n.<\/p>\n<p><strong>Expresidente SCJ est\u00e1 apenado<\/strong><\/p>\n<p>El expresidente de la Suprema Corte de Justicia, Jorge Subero Isa, dijo que se siente muy apenado con lo que ocurre en la actualidad con el Poder Judicial, sin embargo, explic\u00f3 que se ha hecho lo correcto al investigar a los jueces acusados por el Ministerio P\u00fablico.<\/p>\n<p>\u201cDurante 14 a\u00f1os tratamos de formar un Poder Judicial confiable y hoy vemos con pena que en la conciencia del pueblo dominicano esto se ha puesto en duda\u201d, expres\u00f3. Dom\u00ednguez Brito, ha dicho que llevar\u00e1 estos casos hasta las \u00faltimas consecuencias.<\/p>\n","protected":false},"excerpt":{"rendered":"<p>RD- SANTO DOMINGO- La Procuradur\u00eda General de la Rep\u00fablica contempla someter ante la justicia penal al exmiembro del Consejo del Poder Judicial, Francisco Arias Valera, acusado de encabezar una supuesta estructura que se dedicaba a manipular procesos judiciales.Francisco Dom\u00ednguez Brito asegur\u00f3 que la libertad del regidor por Pedro Brand, Erickson de los Santos Sol\u00eds, fue [&hellip;]<\/p>\n","protected":false},"author":8,"featured_media":33345,"comment_status":"open","ping_status":"open","sticky":false,"template":"","format":"standard","meta":{"footnotes":""},"categories":[44],"tags":[],"class_list":["post-33340","post","type-post","status-publish","format-standard","has-post-thumbnail","hentry","category-republica-dominicana"],"_links":{"self":[{"href":"https:\/\/2horizontes.com\/index.php?rest_route=\/wp\/v2\/posts\/33340","targetHints":{"allow":["GET"]}}],"collection":[{"href":"https:\/\/2horizontes.com\/index.php?rest_route=\/wp\/v2\/posts"}],"about":[{"href":"https:\/\/2horizontes.com\/index.php?rest_route=\/wp\/v2\/types\/post"}],"author":[{"embeddable":true,"href":"https:\/\/2horizontes.com\/index.php?rest_route=\/wp\/v2\/users\/8"}],"replies":[{"embeddable":true,"href":"https:\/\/2horizontes.com\/index.php?rest_route=%2Fwp%2Fv2%2Fcomments&post=33340"}],"version-history":[{"count":1,"href":"https:\/\/2horizontes.com\/index.php?rest_route=\/wp\/v2\/posts\/33340\/revisions"}],"predecessor-version":[{"id":33346,"href":"https:\/\/2horizontes.com\/index.php?rest_route=\/wp\/v2\/posts\/33340\/revisions\/33346"}],"wp:featuredmedia":[{"embeddable":true,"href":"https:\/\/2horizontes.com\/index.php?rest_route=\/wp\/v2\/media\/33345"}],"wp:attachment":[{"href":"https:\/\/2horizontes.com\/index.php?rest_route=%2Fwp%2Fv2%2Fmedia&parent=33340"}],"wp:term":[{"taxonomy":"category","embeddable":true,"href":"https:\/\/2horizontes.com\/index.php?rest_route=%2Fwp%2Fv2%2Fcategories&post=33340"},{"taxonomy":"post_tag","embeddable":true,"href":"https:\/\/2horizontes.com\/index.php?rest_route=%2Fwp%2Fv2%2Ftags&post=33340"}],"curies":[{"name":"wp","href":"https:\/\/api.w.org\/{rel}","templated":true}]}}