{"id":33337,"date":"2015-11-19T16:37:06","date_gmt":"2015-11-19T15:37:06","guid":{"rendered":"http:\/\/2horizontes.com\/?p=33337"},"modified":"2015-11-19T16:37:06","modified_gmt":"2015-11-19T15:37:06","slug":"cuentas-de-twitter-que-parodiaban-al-presidente-danilo-medina-fue-cerrada-rd","status":"publish","type":"post","link":"https:\/\/2horizontes.com\/?p=33337","title":{"rendered":"Cuentas de Twitter que parodiaban al presidente Danilo Medina fue cerrada RD"},"content":{"rendered":"<p>RD- SANTO DOMINGO-La cuenta de Twitter que parodiaba al presidente de la Rep\u00fablica, Danilo Medina, fue cerrada de la red social sin conocerse los motivos. La misma operaba como @DaniloMenina (El Presi).<\/p>\n<p>Cuando se entra a ella solo sale el mensaje: \u201cLa cuenta que est\u00e1 intentando ver ha sido suspendida\u201d.<\/p>\n<p>Se desconoce la fecha exacta en que \u201csuspendida\u201d la cuenta, pero en respuesta a ella se cre\u00f3 ayer mi\u00e9rcoles otra \u00a0para seguir parodiando al mandatario llamada @DaniloMemima, la cual corri\u00f3 la misma suerte luego de un d\u00eda de estar en la red y contar m\u00e1s de 1,400 seguidores. Cuando se entra a ella se lee un texto que dice: \u201cLo sentimos esa p\u00e1gina no existe\u00bb. En ella se hab\u00edan colgado mensajes de seguidores en los que censuraban el cierre de la otra cuenta, los cuales expresaban que se iban a pronunciar ahora trav\u00e9s de ella, lo cual se materializ\u00f3 por muy poco tiempo.<\/p>\n<p>La cuenta @DaniloMenina era usada\u00a0para burlarse de la situaci\u00f3n que atraviesa el pa\u00eds, a trav\u00e9s de la figura del jefe de Estado. Para ello usaba temas que estaban en la palestra con un lenguaje chabacano, simplista y con faltas ortogr\u00e1ficas, as\u00ed como la forma de hablar de las personas de la zona Sur del pa\u00eds, de donde es originario el gobernante.<\/p>\n<p>En la misma era com\u00fan leer tuits como estos:\u00a0\u201cA un mes de #SeFuenLoVinchoMen todavia queda ener ambiente de la oficina de estica el olor a azufre. #ElPresi\u00bb,\u00a0\u201cA veces quisiera decretar un fin de semana de 4 d\u00edas, pero me acuerdo que hay que pagar el d\u00e9ficit de Leo y se me pasa\u201d o\u00a0Saludo compa\u00f1eros, encontre er dado de la suerte de bajar la gasola pero se le borran lo numero.. tiremo el otro! #ElPresi\u201d<\/p>\n<p>&nbsp;<\/p>\n","protected":false},"excerpt":{"rendered":"<p>RD- SANTO DOMINGO-La cuenta de Twitter que parodiaba al presidente de la Rep\u00fablica, Danilo Medina, fue cerrada de la red social sin conocerse los motivos. La misma operaba como @DaniloMenina (El Presi). Cuando se entra a ella solo sale el mensaje: \u201cLa cuenta que est\u00e1 intentando ver ha sido suspendida\u201d. Se desconoce la fecha exacta [&hellip;]<\/p>\n","protected":false},"author":8,"featured_media":33338,"comment_status":"open","ping_status":"open","sticky":false,"template":"","format":"standard","meta":{"footnotes":""},"categories":[43,44],"tags":[],"class_list":["post-33337","post","type-post","status-publish","format-standard","has-post-thumbnail","hentry","category-politica","category-republica-dominicana"],"_links":{"self":[{"href":"https:\/\/2horizontes.com\/index.php?rest_route=\/wp\/v2\/posts\/33337","targetHints":{"allow":["GET"]}}],"collection":[{"href":"https:\/\/2horizontes.com\/index.php?rest_route=\/wp\/v2\/posts"}],"about":[{"href":"https:\/\/2horizontes.com\/index.php?rest_route=\/wp\/v2\/types\/post"}],"author":[{"embeddable":true,"href":"https:\/\/2horizontes.com\/index.php?rest_route=\/wp\/v2\/users\/8"}],"replies":[{"embeddable":true,"href":"https:\/\/2horizontes.com\/index.php?rest_route=%2Fwp%2Fv2%2Fcomments&post=33337"}],"version-history":[{"count":1,"href":"https:\/\/2horizontes.com\/index.php?rest_route=\/wp\/v2\/posts\/33337\/revisions"}],"predecessor-version":[{"id":33339,"href":"https:\/\/2horizontes.com\/index.php?rest_route=\/wp\/v2\/posts\/33337\/revisions\/33339"}],"wp:featuredmedia":[{"embeddable":true,"href":"https:\/\/2horizontes.com\/index.php?rest_route=\/wp\/v2\/media\/33338"}],"wp:attachment":[{"href":"https:\/\/2horizontes.com\/index.php?rest_route=%2Fwp%2Fv2%2Fmedia&parent=33337"}],"wp:term":[{"taxonomy":"category","embeddable":true,"href":"https:\/\/2horizontes.com\/index.php?rest_route=%2Fwp%2Fv2%2Fcategories&post=33337"},{"taxonomy":"post_tag","embeddable":true,"href":"https:\/\/2horizontes.com\/index.php?rest_route=%2Fwp%2Fv2%2Ftags&post=33337"}],"curies":[{"name":"wp","href":"https:\/\/api.w.org\/{rel}","templated":true}]}}