{"id":33319,"date":"2015-11-19T14:33:16","date_gmt":"2015-11-19T13:33:16","guid":{"rendered":"http:\/\/2horizontes.com\/?p=33319"},"modified":"2015-11-19T14:52:56","modified_gmt":"2015-11-19T13:52:56","slug":"un-vecino-de-el-viso-sevilla-mata-con-arma-blanca-a-su-inquilino-musulman","status":"publish","type":"post","link":"https:\/\/2horizontes.com\/?p=33319","title":{"rendered":"Un vecino mata con arma blanca a su inquilino musulm\u00e1n en Espa\u00f1a"},"content":{"rendered":"<p>Un hombre de 32 a\u00f1os y de fe musulmana ha muerto en El Viso del Alcor (Sevilla) tras ser atacado con un arma blanca por el hombre que le ten\u00eda alquilado una habitaci\u00f3n en su domicilio, presuntamente tras mantener una fuerte discusi\u00f3n, seg\u00fan han informado a Efe fuentes policiales.<\/p>\n<p>Los hechos se produjeron alrededor de las dos de esta madrugada cuando la v\u00edctima mantuvo una discusi\u00f3n con el hombre que, en su casa, le hab\u00eda alquilado una habitaci\u00f3n, tras la cual le apu\u00f1al\u00f3, seg\u00fan las mismas fuentes, que a\u00f1adieron que momentos despu\u00e9s se personaron en el lugar de los hechos agentes de la polic\u00eda local.<\/p>\n<p>Tras la actuaci\u00f3n de la Polic\u00eda Local de El Viso se inform\u00f3 a la Guardia Civil, por lo que varios de sus agentes se personaron tambi\u00e9n en el domicilio en el que ocurrieron los hechos.<\/p>\n<p>El presunto agresor, de 50 a\u00f1os y al que se le acusa de homicidio, fue detenido y ya ha pasado a disposici\u00f3n judicial en un caso que est\u00e1 en manos del juzgado n\u00famero 2 de Carmona (Sevilla).<\/p>\n","protected":false},"excerpt":{"rendered":"<p>Un hombre de 32 a\u00f1os y de fe musulmana ha muerto en El Viso del Alcor (Sevilla) tras ser atacado con un arma blanca por el hombre que le ten\u00eda alquilado una habitaci\u00f3n en su domicilio, presuntamente tras mantener una fuerte discusi\u00f3n, seg\u00fan han informado a Efe fuentes policiales. Los hechos se produjeron alrededor de [&hellip;]<\/p>\n","protected":false},"author":3,"featured_media":33320,"comment_status":"open","ping_status":"open","sticky":false,"template":"","format":"standard","meta":{"footnotes":""},"categories":[85],"tags":[],"class_list":["post-33319","post","type-post","status-publish","format-standard","has-post-thumbnail","hentry","category-espana"],"_links":{"self":[{"href":"https:\/\/2horizontes.com\/index.php?rest_route=\/wp\/v2\/posts\/33319","targetHints":{"allow":["GET"]}}],"collection":[{"href":"https:\/\/2horizontes.com\/index.php?rest_route=\/wp\/v2\/posts"}],"about":[{"href":"https:\/\/2horizontes.com\/index.php?rest_route=\/wp\/v2\/types\/post"}],"author":[{"embeddable":true,"href":"https:\/\/2horizontes.com\/index.php?rest_route=\/wp\/v2\/users\/3"}],"replies":[{"embeddable":true,"href":"https:\/\/2horizontes.com\/index.php?rest_route=%2Fwp%2Fv2%2Fcomments&post=33319"}],"version-history":[{"count":2,"href":"https:\/\/2horizontes.com\/index.php?rest_route=\/wp\/v2\/posts\/33319\/revisions"}],"predecessor-version":[{"id":33322,"href":"https:\/\/2horizontes.com\/index.php?rest_route=\/wp\/v2\/posts\/33319\/revisions\/33322"}],"wp:featuredmedia":[{"embeddable":true,"href":"https:\/\/2horizontes.com\/index.php?rest_route=\/wp\/v2\/media\/33320"}],"wp:attachment":[{"href":"https:\/\/2horizontes.com\/index.php?rest_route=%2Fwp%2Fv2%2Fmedia&parent=33319"}],"wp:term":[{"taxonomy":"category","embeddable":true,"href":"https:\/\/2horizontes.com\/index.php?rest_route=%2Fwp%2Fv2%2Fcategories&post=33319"},{"taxonomy":"post_tag","embeddable":true,"href":"https:\/\/2horizontes.com\/index.php?rest_route=%2Fwp%2Fv2%2Ftags&post=33319"}],"curies":[{"name":"wp","href":"https:\/\/api.w.org\/{rel}","templated":true}]}}