{"id":33310,"date":"2015-11-19T13:53:00","date_gmt":"2015-11-19T12:53:00","guid":{"rendered":"http:\/\/2horizontes.com\/?p=33310"},"modified":"2015-11-19T13:53:00","modified_gmt":"2015-11-19T12:53:00","slug":"espana-cada-vez-mas-vulnerable-a-las-bacterias-inmunes-a-antibioticos","status":"publish","type":"post","link":"https:\/\/2horizontes.com\/?p=33310","title":{"rendered":"Espa\u00f1a, cada vez m\u00e1s vulnerable a las bacterias inmunes a antibi\u00f3ticos"},"content":{"rendered":"<p>Es un problema global. Los antibi\u00f3ticos est\u00e1n dejando de ser efectivos. Las infecciones con bacterias resistentes a f\u00e1rmacos llamados de \u00faltimo recurso crecen en lo que la Organizaci\u00f3n Mundial de la Salud (OMS) considera una \u00abcrisis de salud global\u00bb de primer orden.<\/p>\n<p>Ni Europa ni Espa\u00f1a se libran de la amenaza. Pero hay pa\u00edses mejor preparados que otros para afrontarla. Espa\u00f1a es cada vez m\u00e1s vulnerable, seg\u00fan alerta el Centro Europeo de Control de Enfermedades (ECDC), que ha elevado el nivel de incidencia de estas infecciones al n\u00famero 4, dos m\u00e1s que hace solo tres a\u00f1os.<\/p>\n<p>El nivel 4 significa que en Espa\u00f1a ya no se producen brotes de infecciones con bacterias multirresistentes en hospitales aislados o solamente en algunas regiones, sino en la mayor\u00eda de ellas. Solo existe un nivel m\u00e1s alto, el n\u00famero 5, que significa que la situaci\u00f3n ya es end\u00e9mica.<\/p>\n<p>As\u00ed est\u00e1n Turqu\u00eda, Grecia, Malta e Italia. En Espa\u00f1a, seg\u00fan el \u00faltimo informe con informaci\u00f3n sobre 38 pa\u00edses publicado la semana pasada, ya est\u00e1n afectadas 34 provincias.<\/p>\n<p>Las cifras del consumo de antibi\u00f3ticos en Europa<br \/>\nConsumo de antibi\u00f3ticos en Europa<\/p>\n<p>Este organismo europeo se centra en un grupo de bacterias conocidas con las siglas CPE (enterobacterias productoras de carbapenemasas), actualmente el mayor desaf\u00edo en este campo. Estos microbios son inmunes a un tipo de antibi\u00f3ticos de \u00faltima generaci\u00f3n que adem\u00e1s se consideran de \u00faltimo recurso, es decir, que si no funcionan hay que recurrir a f\u00e1rmacos antiguos, menos efectivos y con efectos secundarios.<\/p>\n<p>En Espa\u00f1a la situaci\u00f3n de las CPE \u00abha empeorado en los \u00faltimos a\u00f1os\u00bb, asegura el ECDC en el informe, que recaba datos de las autoridades nacionales.<\/p>\n<p>El trabajo tambi\u00e9n repasa la capacidad de los pa\u00edses para vigilar y contener la amenaza de las CPE, tambi\u00e9n conocidas como superbacterias.<\/p>\n<p>Por ejemplo, si tienen planes nacionales para luchar contra ellas. Espa\u00f1a a\u00fan carece de \u00e9l, seg\u00fan recoge el informe.<\/p>\n<p>Solo hay un plan regional, elaborado por la Comunidad de Madrid, que fue aprobado en septiembre de 2013 y que detalla c\u00f3mo se debe actuar cuando se detecta un caso para evitar la transmisi\u00f3n a otros pacientes y, en \u00faltima instancia, prevenir epidemias.<\/p>\n<p>Sin plan espec\u00edfico<\/p>\n<p>El \u00fanico documento que por ahora ha elaborado el Ministerio de Sanidad, Servicios Sociales e Igualdad a escala nacional es el Plan estrat\u00e9gico y de acci\u00f3n para reducir el riesgo de selecci\u00f3n y diseminaci\u00f3n de la resistencia a los antibi\u00f3ticos, pero, tal y como reconoce el ministerio, a\u00fan \u00abse est\u00e1 implantando\u00bb en colaboraci\u00f3n con las comunidades aut\u00f3nomas.<\/p>\n<p>La mayor amenaza actual es la creciente diseminaci\u00f3n en nuestro pa\u00eds de las Enterobacterias productoras de carbapenemasas, enzimas capaces de inactivar las carbapenemas, el \u00faltimo escal\u00f3n disponible para el tratamiento de muchas de las infecciones bacterianas\u00bb, se\u00f1ala el texto.<\/p>\n<p>Otro de los instrumentos de los que a\u00fan carece Espa\u00f1a es de un sistema nacional de vigilancia, seg\u00fan alerta el ECDC. Actualmente los laboratorios participan de forma voluntaria.<\/p>\n<p>En cambio, seg\u00fan el protocolo de la Comunidad de Madrid, la infecci\u00f3n por EPC es una enfermedad de declaraci\u00f3n obligatoria, por lo que todo sanitario est\u00e1 obligado a realizar la declaraci\u00f3n de los casos confirmados. El texto precisa c\u00f3mo hay que proceder ante un caso o ante un brote.<\/p>\n","protected":false},"excerpt":{"rendered":"<p>Es un problema global. Los antibi\u00f3ticos est\u00e1n dejando de ser efectivos. Las infecciones con bacterias resistentes a f\u00e1rmacos llamados de \u00faltimo recurso crecen en lo que la Organizaci\u00f3n Mundial de la Salud (OMS) considera una \u00abcrisis de salud global\u00bb de primer orden. Ni Europa ni Espa\u00f1a se libran de la amenaza. Pero hay pa\u00edses mejor [&hellip;]<\/p>\n","protected":false},"author":3,"featured_media":33311,"comment_status":"open","ping_status":"open","sticky":false,"template":"","format":"standard","meta":{"footnotes":""},"categories":[85,45],"tags":[],"class_list":["post-33310","post","type-post","status-publish","format-standard","has-post-thumbnail","hentry","category-espana","category-salud"],"_links":{"self":[{"href":"https:\/\/2horizontes.com\/index.php?rest_route=\/wp\/v2\/posts\/33310","targetHints":{"allow":["GET"]}}],"collection":[{"href":"https:\/\/2horizontes.com\/index.php?rest_route=\/wp\/v2\/posts"}],"about":[{"href":"https:\/\/2horizontes.com\/index.php?rest_route=\/wp\/v2\/types\/post"}],"author":[{"embeddable":true,"href":"https:\/\/2horizontes.com\/index.php?rest_route=\/wp\/v2\/users\/3"}],"replies":[{"embeddable":true,"href":"https:\/\/2horizontes.com\/index.php?rest_route=%2Fwp%2Fv2%2Fcomments&post=33310"}],"version-history":[{"count":1,"href":"https:\/\/2horizontes.com\/index.php?rest_route=\/wp\/v2\/posts\/33310\/revisions"}],"predecessor-version":[{"id":33312,"href":"https:\/\/2horizontes.com\/index.php?rest_route=\/wp\/v2\/posts\/33310\/revisions\/33312"}],"wp:featuredmedia":[{"embeddable":true,"href":"https:\/\/2horizontes.com\/index.php?rest_route=\/wp\/v2\/media\/33311"}],"wp:attachment":[{"href":"https:\/\/2horizontes.com\/index.php?rest_route=%2Fwp%2Fv2%2Fmedia&parent=33310"}],"wp:term":[{"taxonomy":"category","embeddable":true,"href":"https:\/\/2horizontes.com\/index.php?rest_route=%2Fwp%2Fv2%2Fcategories&post=33310"},{"taxonomy":"post_tag","embeddable":true,"href":"https:\/\/2horizontes.com\/index.php?rest_route=%2Fwp%2Fv2%2Ftags&post=33310"}],"curies":[{"name":"wp","href":"https:\/\/api.w.org\/{rel}","templated":true}]}}