{"id":33307,"date":"2015-11-19T13:45:20","date_gmt":"2015-11-19T12:45:20","guid":{"rendered":"http:\/\/2horizontes.com\/?p=33307"},"modified":"2015-11-19T13:45:20","modified_gmt":"2015-11-19T12:45:20","slug":"muere-un-motorista-de-44-anos-al-chocar-contra-un-turismo-en-la-a-3","status":"publish","type":"post","link":"https:\/\/2horizontes.com\/?p=33307","title":{"rendered":"Muere un motorista de 44 a\u00f1os al chocar contra un turismo en la A-3"},"content":{"rendered":"<p>Un hombre de 44 a\u00f1os que conduc\u00eda una moto ha muerto hoy tras colisionar con la parte trasera de un turismo en la A-3 (carretera de Valencia), a la altura del kil\u00f3metro 12 en sentido entrada a la capital, ha informado a Efe Emergencias Madrid.<\/p>\n<p>Tras el accidente, que ha tenido lugar sobre las 13.00 horas de hoy, el motorista ha salido despedido, ha sufrido traumatismos en pr\u00e1cticamente todo el cuerpo y ha entrado en parada cardiorrespiratoria.<\/p>\n<p>Dos personas que se encontraban en el lugar, una de ellas voluntario del Samur de paisano, han realizado maniobras de reanimaci\u00f3n hasta que han llegado los sanitarios, que han comprobado que el motorista ten\u00eda lesiones en t\u00f3rax y abdomen, pero solo han podido confirmar su fallecimiento.<\/p>\n<p>El conductor del turismo est\u00e1 siendo atendido por un psic\u00f3logo del Samur y la Guardia Civil ha cortado uno de los tres carriles de la citada carretera.<\/p>\n","protected":false},"excerpt":{"rendered":"<p>Un hombre de 44 a\u00f1os que conduc\u00eda una moto ha muerto hoy tras colisionar con la parte trasera de un turismo en la A-3 (carretera de Valencia), a la altura del kil\u00f3metro 12 en sentido entrada a la capital, ha informado a Efe Emergencias Madrid. Tras el accidente, que ha tenido lugar sobre las 13.00 [&hellip;]<\/p>\n","protected":false},"author":3,"featured_media":33308,"comment_status":"open","ping_status":"open","sticky":false,"template":"","format":"standard","meta":{"footnotes":""},"categories":[85],"tags":[],"class_list":["post-33307","post","type-post","status-publish","format-standard","has-post-thumbnail","hentry","category-espana"],"_links":{"self":[{"href":"https:\/\/2horizontes.com\/index.php?rest_route=\/wp\/v2\/posts\/33307","targetHints":{"allow":["GET"]}}],"collection":[{"href":"https:\/\/2horizontes.com\/index.php?rest_route=\/wp\/v2\/posts"}],"about":[{"href":"https:\/\/2horizontes.com\/index.php?rest_route=\/wp\/v2\/types\/post"}],"author":[{"embeddable":true,"href":"https:\/\/2horizontes.com\/index.php?rest_route=\/wp\/v2\/users\/3"}],"replies":[{"embeddable":true,"href":"https:\/\/2horizontes.com\/index.php?rest_route=%2Fwp%2Fv2%2Fcomments&post=33307"}],"version-history":[{"count":1,"href":"https:\/\/2horizontes.com\/index.php?rest_route=\/wp\/v2\/posts\/33307\/revisions"}],"predecessor-version":[{"id":33309,"href":"https:\/\/2horizontes.com\/index.php?rest_route=\/wp\/v2\/posts\/33307\/revisions\/33309"}],"wp:featuredmedia":[{"embeddable":true,"href":"https:\/\/2horizontes.com\/index.php?rest_route=\/wp\/v2\/media\/33308"}],"wp:attachment":[{"href":"https:\/\/2horizontes.com\/index.php?rest_route=%2Fwp%2Fv2%2Fmedia&parent=33307"}],"wp:term":[{"taxonomy":"category","embeddable":true,"href":"https:\/\/2horizontes.com\/index.php?rest_route=%2Fwp%2Fv2%2Fcategories&post=33307"},{"taxonomy":"post_tag","embeddable":true,"href":"https:\/\/2horizontes.com\/index.php?rest_route=%2Fwp%2Fv2%2Ftags&post=33307"}],"curies":[{"name":"wp","href":"https:\/\/api.w.org\/{rel}","templated":true}]}}