{"id":33304,"date":"2015-11-19T13:42:30","date_gmt":"2015-11-19T12:42:30","guid":{"rendered":"http:\/\/2horizontes.com\/?p=33304"},"modified":"2015-11-19T13:42:30","modified_gmt":"2015-11-19T12:42:30","slug":"la-estacion-de-chamartin-en-madrid-acoge-la-v-semana-del-ajedrez-organizada-por-sus-tiendas","status":"publish","type":"post","link":"https:\/\/2horizontes.com\/?p=33304","title":{"rendered":"La estaci\u00f3n de Chamart\u00edn en Madrid acoge la V Semana del Ajedrez organizada por sus tiendas"},"content":{"rendered":"<p>La estaci\u00f3n de Adif de Madrid Chamart\u00edn acoge la celebraci\u00f3n de su V Semana del Ajedrez, organizada por tiendas de la estaci\u00f3n en colaboraci\u00f3n con la Federaci\u00f3n Madrile\u00f1a de esta disciplina, seg\u00fan ha informado Metro de Madrid en un comunicado.<\/p>\n<p>El evento tendr\u00e1 del viernes al domingo. Las actividades del primer d\u00eda comenzar\u00e1n a las 18 horas y acabar\u00e1n a las 22 horas. El segundo d\u00eda comenzar\u00e1n a las 10 horas y terminar\u00e1 a las 22 horas, ese mismo d\u00eda, a partir de las 17 horas se celebrar\u00e1 un torneo infantil y el tercer d\u00eda comenzar\u00e1n a las 10 horas y terminar\u00e1n a las 13 horas.<\/p>\n<p>Seg\u00fan la organizaci\u00f3n, el plato fuerte ser\u00e1 el domingo a las 10 horas, donde tendr\u00e1 lugar una gran sesi\u00f3n de partidas simult\u00e1neas que celebrar\u00e1 el Gran Maestro Internacional Boris Zlotnik Vasiliev.<\/p>\n<p>Adem\u00e1s, las actividades se complementar\u00e1n con talleres de ajedrez en los que los visitantes de la estaci\u00f3n podr\u00e1n disfrutar de partidas, clases, problemas y simult\u00e1neas.<\/p>\n<p>Para participar en el torneo infantil es necesario inscribirse previamente en la p\u00e1gina web de la Federaci\u00f3n madrile\u00f1a de Ajedrez.<\/p>\n","protected":false},"excerpt":{"rendered":"<p>La estaci\u00f3n de Adif de Madrid Chamart\u00edn acoge la celebraci\u00f3n de su V Semana del Ajedrez, organizada por tiendas de la estaci\u00f3n en colaboraci\u00f3n con la Federaci\u00f3n Madrile\u00f1a de esta disciplina, seg\u00fan ha informado Metro de Madrid en un comunicado. El evento tendr\u00e1 del viernes al domingo. Las actividades del primer d\u00eda comenzar\u00e1n a las [&hellip;]<\/p>\n","protected":false},"author":3,"featured_media":33305,"comment_status":"open","ping_status":"open","sticky":false,"template":"","format":"standard","meta":{"footnotes":""},"categories":[1,85],"tags":[],"class_list":["post-33304","post","type-post","status-publish","format-standard","has-post-thumbnail","hentry","category-entretenimiento","category-espana"],"_links":{"self":[{"href":"https:\/\/2horizontes.com\/index.php?rest_route=\/wp\/v2\/posts\/33304","targetHints":{"allow":["GET"]}}],"collection":[{"href":"https:\/\/2horizontes.com\/index.php?rest_route=\/wp\/v2\/posts"}],"about":[{"href":"https:\/\/2horizontes.com\/index.php?rest_route=\/wp\/v2\/types\/post"}],"author":[{"embeddable":true,"href":"https:\/\/2horizontes.com\/index.php?rest_route=\/wp\/v2\/users\/3"}],"replies":[{"embeddable":true,"href":"https:\/\/2horizontes.com\/index.php?rest_route=%2Fwp%2Fv2%2Fcomments&post=33304"}],"version-history":[{"count":1,"href":"https:\/\/2horizontes.com\/index.php?rest_route=\/wp\/v2\/posts\/33304\/revisions"}],"predecessor-version":[{"id":33306,"href":"https:\/\/2horizontes.com\/index.php?rest_route=\/wp\/v2\/posts\/33304\/revisions\/33306"}],"wp:featuredmedia":[{"embeddable":true,"href":"https:\/\/2horizontes.com\/index.php?rest_route=\/wp\/v2\/media\/33305"}],"wp:attachment":[{"href":"https:\/\/2horizontes.com\/index.php?rest_route=%2Fwp%2Fv2%2Fmedia&parent=33304"}],"wp:term":[{"taxonomy":"category","embeddable":true,"href":"https:\/\/2horizontes.com\/index.php?rest_route=%2Fwp%2Fv2%2Fcategories&post=33304"},{"taxonomy":"post_tag","embeddable":true,"href":"https:\/\/2horizontes.com\/index.php?rest_route=%2Fwp%2Fv2%2Ftags&post=33304"}],"curies":[{"name":"wp","href":"https:\/\/api.w.org\/{rel}","templated":true}]}}