{"id":3329,"date":"2015-02-11T15:53:58","date_gmt":"2015-02-11T15:53:58","guid":{"rendered":"http:\/\/2horizontes.com\/?p=3329"},"modified":"2015-02-11T15:53:58","modified_gmt":"2015-02-11T15:53:58","slug":"la-republica-dominicana-es-mencionada-en-los-premios-goya-2015","status":"publish","type":"post","link":"https:\/\/2horizontes.com\/?p=3329","title":{"rendered":"La Rep\u00fablica Dominicana es mencionada en los Premios Goya 2015"},"content":{"rendered":"<p> MADRID, Espa\u00f1a.- Sin estar nominada, la Rep\u00fablica Dominicana result\u00f3 premiada anoche en la gran gala espa\u00f1ola del cine al ser citada como uno de los pa\u00edses que est\u00e1 haciendo lo correcto para la promoci\u00f3n del s\u00e9ptimo arte.<br \/>\nEn el discurso central durante el espect\u00e1culo que congreg\u00f3 a miles de personas y las estrellas m\u00e1s fulgurantes del arte, el presidente de la Academia de Cine, Enrique Gonz\u00e1lez Macho, dese\u00f3 \u00e9xitos a la Rep\u00fablica Dominicana en sus esfuerzos para potenciar la industria f\u00edlmica, atraer inversiones e incentivar su producci\u00f3n local de pel\u00edculas.<br \/>\nAl se\u00f1alar  la presencia del embajador dominicano en Madrid en la gala de los Premios Goya, An\u00edbal de Castro, Gonz\u00e1lez Macho dijo que, pese a que a\u00fan la producci\u00f3n cinematogr\u00e1fica est\u00e1 en pa\u00f1ales,  la ley dominicana de incentivo al cine es una se\u00f1al positiva, as\u00ed como las inversiones que se registran en esa \u00e1rea cultural. Compar\u00f3 el pa\u00eds con Colombia, donde paulatinamente crecen las cintas de calidad y cobra auge la filmaci\u00f3n de nuevos t\u00edtulos.<br \/>\nDos mil doscientos invitados abarrotaron el Centro de Congresos Pr\u00edncipe Felipe mientras Radio Televisi\u00f3n Espa\u00f1ola transmit\u00eda la ceremonia a todo el mundo. La transmisi\u00f3n en directo logr\u00f3 una cuota de telespectadores de un 24.7 por ciento, o sea m\u00e1s de 3.8 millones de personas solo en Espa\u00f1a. En alg\u00fan momento de la transmisi\u00f3n, casi 12 millones miraron la gala, en la que la pel\u00edcula La isla m\u00ednima acapar\u00f3 doce premiaciones.<br \/>\nEl embajador de Castro indic\u00f3 posteriormente que la referencia de Gonz\u00e1lez Macho sobre su pa\u00eds constitu\u00eda una gran promoci\u00f3n vista la calidad de los asistentes a la ceremonia, incluyendo al ministro de Educaci\u00f3n Jos\u00e9 Ignacio Wert y quien suele vacacionar en la Rep\u00fablica Dominicana, y el alto n\u00famero de televidentes. Al final del movido espect\u00e1culo, el diplom\u00e1tico agradeci\u00f3 personalmente el elogio a su pa\u00eds, a lo que el presidente de la Academia de Cine de Espa\u00f1a repuso que simplemente hab\u00eda dicho la verdad y que la Rep\u00fablica Dominicana marchaba por buen camino al privilegiar el cine en su estrategia de desarrollo.<br \/>\nLa ley dominicana de incentivo a la industria cinematogr\u00e1fico otorga ventajas fiscales a quienes filmen en el pa\u00eds o inviertan en actividades relacionadas con la producci\u00f3n de pel\u00edculas. Ha posibilitado una inversi\u00f3n millonaria conjunta en un moderno complejo f\u00edlmico de la  Pinewood Studios de Londres y la familia Vicini en el \u00e1rea de Juan Dolio y desde su aprobaci\u00f3n,  hace casi tres a\u00f1os, se registra un n\u00famero creciente de filmes de factura dominicana y extranjera.<br \/>\nNo solamente la Rep\u00fablica Dominicana sobresali\u00f3 por la menci\u00f3n elogiosa en la gala, sino que la estrella espa\u00f1ola de cine Pen\u00e9lope Cruz escogi\u00f3 para la ocasi\u00f3n un vestido del dise\u00f1ador Oscar de la Renta, recientemente fallecido en los Estados Unidos. Nerea Barros, actriz gallega y presentadora de uno de los premios, tambi\u00e9n exhibi\u00f3 marca del modisto dominicano.<\/p>\n","protected":false},"excerpt":{"rendered":"<p>MADRID, Espa\u00f1a.- Sin estar nominada, la Rep\u00fablica Dominicana result\u00f3 premiada anoche en la gran gala espa\u00f1ola del cine al ser citada como uno de los pa\u00edses que est\u00e1 haciendo lo correcto para la promoci\u00f3n del s\u00e9ptimo arte. En el discurso central durante el espect\u00e1culo que congreg\u00f3 a miles de personas y las estrellas m\u00e1s fulgurantes [&hellip;]<\/p>\n","protected":false},"author":1,"featured_media":0,"comment_status":"open","ping_status":"open","sticky":false,"template":"","format":"standard","meta":{"footnotes":""},"categories":[1],"tags":[],"class_list":["post-3329","post","type-post","status-publish","format-standard","hentry","category-entretenimiento"],"_links":{"self":[{"href":"https:\/\/2horizontes.com\/index.php?rest_route=\/wp\/v2\/posts\/3329","targetHints":{"allow":["GET"]}}],"collection":[{"href":"https:\/\/2horizontes.com\/index.php?rest_route=\/wp\/v2\/posts"}],"about":[{"href":"https:\/\/2horizontes.com\/index.php?rest_route=\/wp\/v2\/types\/post"}],"author":[{"embeddable":true,"href":"https:\/\/2horizontes.com\/index.php?rest_route=\/wp\/v2\/users\/1"}],"replies":[{"embeddable":true,"href":"https:\/\/2horizontes.com\/index.php?rest_route=%2Fwp%2Fv2%2Fcomments&post=3329"}],"version-history":[{"count":1,"href":"https:\/\/2horizontes.com\/index.php?rest_route=\/wp\/v2\/posts\/3329\/revisions"}],"predecessor-version":[{"id":3330,"href":"https:\/\/2horizontes.com\/index.php?rest_route=\/wp\/v2\/posts\/3329\/revisions\/3330"}],"wp:attachment":[{"href":"https:\/\/2horizontes.com\/index.php?rest_route=%2Fwp%2Fv2%2Fmedia&parent=3329"}],"wp:term":[{"taxonomy":"category","embeddable":true,"href":"https:\/\/2horizontes.com\/index.php?rest_route=%2Fwp%2Fv2%2Fcategories&post=3329"},{"taxonomy":"post_tag","embeddable":true,"href":"https:\/\/2horizontes.com\/index.php?rest_route=%2Fwp%2Fv2%2Ftags&post=3329"}],"curies":[{"name":"wp","href":"https:\/\/api.w.org\/{rel}","templated":true}]}}