{"id":33246,"date":"2015-11-19T09:03:49","date_gmt":"2015-11-19T08:03:49","guid":{"rendered":"http:\/\/2horizontes.com\/?p=33246"},"modified":"2015-11-19T09:03:49","modified_gmt":"2015-11-19T08:03:49","slug":"cuba-pide-solucion-rapida-para-cubanos-bloqueados-entre-frontera-de-costa-rica-y-nicaragua","status":"publish","type":"post","link":"https:\/\/2horizontes.com\/?p=33246","title":{"rendered":"Cuba pide soluci\u00f3n r\u00e1pida para cubanos bloqueados entre frontera de Costa Rica y Nicaragua"},"content":{"rendered":"<div id=\"ArticleAuthorDiv\" class=\"article-body-author\"><b>AFP<\/b><\/div>\n<div id=\"ArticleSourceDiv\" class=\"article-body-author\"><b>La Habana<\/b><\/div>\n<div id=\"ArticleBody\">\n<p>El gobierno cubano exhort\u00f3 a buscar una \u201csoluci\u00f3n r\u00e1pida y adecuada\u201d a la situaci\u00f3n de casi 2.000 cubanos bloqueados en la frontera entre Costa Rica y Nicaragua, que intentan llegar a Estados Unidos, seg\u00fan lo expres\u00f3 la noche del martes en un comunicado.<\/p>\n<p>Nicaragua, que devolvi\u00f3 este fin de semana varios centenares de cubanos hacia Costa Rica, acusa a su vecino del sur de querer violar su soberan\u00eda al alentar a los emigrantes a penetrar en su territorio, en momentos en que San Jos\u00e9 critica duramente a Managua por haber militarizado recientemente su frontera.<\/p>\n<p>Nicaragua y Costa Rica mantienen frecuentes roces fronterizos.<\/p>\n<p>En su primera reacci\u00f3n desde el inicio de esta disputa fronteriza, el gobierno cubano anunci\u00f3 estar \u201cen permanente contacto\u201d con las autoridades de ambos pa\u00edses \u201ccon el objetivo de encontrar una soluci\u00f3n r\u00e1pida y adecuada, que tome en consideraci\u00f3n el bienestar de los ciudadanos cubanos\u201d.<\/p>\n<p>Seg\u00fan las autoridades cubanas, \u201cestas personas salieron de Cuba legalmente hacia diferentes pa\u00edses de Am\u00e9rica Latina. Al intentar llegar a territorio de Estados Unidos, se convirtieron en v\u00edctimas de traficantes que se benefician sin escr\u00fapulos del control del paso de personas por Am\u00e9rica del Sur, Am\u00e9rica Central y M\u00e9xico\u201d, agrega el documento.<\/p>\n<\/div>\n","protected":false},"excerpt":{"rendered":"<p>AFP La Habana El gobierno cubano exhort\u00f3 a buscar una \u201csoluci\u00f3n r\u00e1pida y adecuada\u201d a la situaci\u00f3n de casi 2.000 cubanos bloqueados en la frontera entre Costa Rica y Nicaragua, que intentan llegar a Estados Unidos, seg\u00fan lo expres\u00f3 la noche del martes en un comunicado. Nicaragua, que devolvi\u00f3 este fin de semana varios centenares [&hellip;]<\/p>\n","protected":false},"author":7,"featured_media":33247,"comment_status":"open","ping_status":"open","sticky":false,"template":"","format":"standard","meta":{"footnotes":""},"categories":[49,54,40,43],"tags":[],"class_list":["post-33246","post","type-post","status-publish","format-standard","has-post-thumbnail","hentry","category-cuba","category-emigrantes","category-internacionales","category-politica"],"_links":{"self":[{"href":"https:\/\/2horizontes.com\/index.php?rest_route=\/wp\/v2\/posts\/33246","targetHints":{"allow":["GET"]}}],"collection":[{"href":"https:\/\/2horizontes.com\/index.php?rest_route=\/wp\/v2\/posts"}],"about":[{"href":"https:\/\/2horizontes.com\/index.php?rest_route=\/wp\/v2\/types\/post"}],"author":[{"embeddable":true,"href":"https:\/\/2horizontes.com\/index.php?rest_route=\/wp\/v2\/users\/7"}],"replies":[{"embeddable":true,"href":"https:\/\/2horizontes.com\/index.php?rest_route=%2Fwp%2Fv2%2Fcomments&post=33246"}],"version-history":[{"count":1,"href":"https:\/\/2horizontes.com\/index.php?rest_route=\/wp\/v2\/posts\/33246\/revisions"}],"predecessor-version":[{"id":33248,"href":"https:\/\/2horizontes.com\/index.php?rest_route=\/wp\/v2\/posts\/33246\/revisions\/33248"}],"wp:featuredmedia":[{"embeddable":true,"href":"https:\/\/2horizontes.com\/index.php?rest_route=\/wp\/v2\/media\/33247"}],"wp:attachment":[{"href":"https:\/\/2horizontes.com\/index.php?rest_route=%2Fwp%2Fv2%2Fmedia&parent=33246"}],"wp:term":[{"taxonomy":"category","embeddable":true,"href":"https:\/\/2horizontes.com\/index.php?rest_route=%2Fwp%2Fv2%2Fcategories&post=33246"},{"taxonomy":"post_tag","embeddable":true,"href":"https:\/\/2horizontes.com\/index.php?rest_route=%2Fwp%2Fv2%2Ftags&post=33246"}],"curies":[{"name":"wp","href":"https:\/\/api.w.org\/{rel}","templated":true}]}}