{"id":3324,"date":"2015-02-04T23:20:38","date_gmt":"2015-02-04T23:20:38","guid":{"rendered":"http:\/\/2horizontes.com\/?p=3324"},"modified":"2015-02-04T23:23:30","modified_gmt":"2015-02-04T23:23:30","slug":"el-ministerio-publico-solicita-prision-y-la-apertura-a-juicio-contra-felix-bautista","status":"publish","type":"post","link":"https:\/\/2horizontes.com\/?p=3324","title":{"rendered":"El Ministerio P\u00fablico solicita prisi\u00f3n y la apertura a juicio contra F\u00e9lix Bautista"},"content":{"rendered":"<p>El Ministerio P\u00fablico solicita prisi\u00f3n y la apertura a juicio contra F\u00e9lix Bautista<\/p>\n<p><a href=\"http:\/\/2horizontes.com\/wp-content\/uploads\/2015\/02\/as.jpg\"><img loading=\"lazy\" decoding=\"async\" src=\"http:\/\/2horizontes.com\/wp-content\/uploads\/2015\/02\/as-300x199.jpg\" alt=\"Reunion Pre-Candidatos Presidencia  PLD y  Comite Pol\u00edtico\" width=\"300\" height=\"199\" class=\"alignleft size-medium wp-image-3325\" srcset=\"https:\/\/2horizontes.com\/wp-content\/uploads\/2015\/02\/as-300x199.jpg 300w, https:\/\/2horizontes.com\/wp-content\/uploads\/2015\/02\/as-510x339.jpg 510w, https:\/\/2horizontes.com\/wp-content\/uploads\/2015\/02\/as.jpg 645w\" sizes=\"auto, (max-width: 300px) 100vw, 300px\" \/><\/a><\/p>\n<p>SANTO DOMINGO, Rep\u00fablica Dominicana.- El Ministerio P\u00fablico solicit\u00f3 la tarde de este mi\u00e9rcoles prisi\u00f3n preventiva como medida de coerci\u00f3n contra el senador F\u00e9lix Bautista y los dem\u00e1s acusados de actos de corrupci\u00f3n y lavado de activos en contra del Estado.<\/p>\n<p>Adem\u00e1s solicit\u00f3 que se fije la audiencia preliminar del caso y apertura juicio. Seg\u00fan el Ministerio P\u00fablico, el motivo de la solicitud se hace dada la fortuna que tiene el grupo por lo que estima que existen reales peligro de que se pueda sustraer de las acusaciones.<\/p>\n<p>La solicitud fue parte de las conclusiones que hizo y que hoy concluy\u00f3 con la presentaci\u00f3n de las pruebas documentales y testimoniales ante el juez de la Instrucci\u00f3n Especial de la Suprema Corte de Justicia, Alejandro Moscoso Segarra.<\/p>\n<p>La barra de la defensa comenz\u00f3 a presentar, en la continuaci\u00f3n del juicio, sus objeciones a las acusaciones contra los acusados. La representante del Ministerio P\u00fablico, Laura Guerrero Pelletier asegur\u00f3 que todas las pruebas que soportan la acusaci\u00f3n est\u00e1n certificadas y autentificadas.<\/p>\n<p>En el d\u00eda de hoy present\u00f3 las propiedades que atribuye a Bautista y el grupo de personas que se\u00f1ala como parte de la red societaria articulada para estafar al Estado Dominicano.<\/p>\n<p>Seg\u00fan Pelletier, son m\u00e1s de 500 los activos que posee el grupo, entre ellos unos 175 inmuebles, algunos de los cuales situados en importantes proyectos tur\u00edsticos inmobiliarios.<\/p>\n<p>an\/am<\/p>\n","protected":false},"excerpt":{"rendered":"<p>El Ministerio P\u00fablico solicita prisi\u00f3n y la apertura a juicio contra F\u00e9lix Bautista SANTO DOMINGO, Rep\u00fablica Dominicana.- El Ministerio P\u00fablico solicit\u00f3 la tarde de este mi\u00e9rcoles prisi\u00f3n preventiva como medida de coerci\u00f3n contra el senador F\u00e9lix Bautista y los dem\u00e1s acusados de actos de corrupci\u00f3n y lavado de activos en contra del Estado. Adem\u00e1s solicit\u00f3 [&hellip;]<\/p>\n","protected":false},"author":1,"featured_media":0,"comment_status":"open","ping_status":"open","sticky":false,"template":"","format":"standard","meta":{"footnotes":""},"categories":[1],"tags":[],"class_list":["post-3324","post","type-post","status-publish","format-standard","hentry","category-entretenimiento"],"_links":{"self":[{"href":"https:\/\/2horizontes.com\/index.php?rest_route=\/wp\/v2\/posts\/3324","targetHints":{"allow":["GET"]}}],"collection":[{"href":"https:\/\/2horizontes.com\/index.php?rest_route=\/wp\/v2\/posts"}],"about":[{"href":"https:\/\/2horizontes.com\/index.php?rest_route=\/wp\/v2\/types\/post"}],"author":[{"embeddable":true,"href":"https:\/\/2horizontes.com\/index.php?rest_route=\/wp\/v2\/users\/1"}],"replies":[{"embeddable":true,"href":"https:\/\/2horizontes.com\/index.php?rest_route=%2Fwp%2Fv2%2Fcomments&post=3324"}],"version-history":[{"count":1,"href":"https:\/\/2horizontes.com\/index.php?rest_route=\/wp\/v2\/posts\/3324\/revisions"}],"predecessor-version":[{"id":3326,"href":"https:\/\/2horizontes.com\/index.php?rest_route=\/wp\/v2\/posts\/3324\/revisions\/3326"}],"wp:attachment":[{"href":"https:\/\/2horizontes.com\/index.php?rest_route=%2Fwp%2Fv2%2Fmedia&parent=3324"}],"wp:term":[{"taxonomy":"category","embeddable":true,"href":"https:\/\/2horizontes.com\/index.php?rest_route=%2Fwp%2Fv2%2Fcategories&post=3324"},{"taxonomy":"post_tag","embeddable":true,"href":"https:\/\/2horizontes.com\/index.php?rest_route=%2Fwp%2Fv2%2Ftags&post=3324"}],"curies":[{"name":"wp","href":"https:\/\/api.w.org\/{rel}","templated":true}]}}