{"id":33225,"date":"2015-11-18T20:27:18","date_gmt":"2015-11-18T19:27:18","guid":{"rendered":"http:\/\/2horizontes.com\/?p=33225"},"modified":"2015-11-18T20:27:18","modified_gmt":"2015-11-18T19:27:18","slug":"un-ano-prision-a-hombre-que-enveneno-suegro-con-jugo-de-zapote-rd","status":"publish","type":"post","link":"https:\/\/2horizontes.com\/?p=33225","title":{"rendered":"Un a\u00f1o prisi\u00f3n a hombre que \u201cenvenen\u00f3\u201d suegro con jugo de zapote RD"},"content":{"rendered":"<p>RD- SANTIAGO-Tribunal Colegiado de esta provincia impuso un a\u00f1o de prisi\u00f3n preventiva contra de un hombre alegadamente le dio a tomar una <a href=\"http:\/\/www.elcaribe.com.do\/2015\/11\/11\/apresan-hombre-echo-veneno-batida-que-mato-suegro\">batida de zapote<\/a> envenenada a su suegro en el sector de Palmarejo, del municipio de Villa Gonz\u00e1lez.<\/p>\n<p>Rafael Antonio Garc\u00eda ser\u00e1 procesado por supuestamente matar por envenenamiento al padre de su concubina, Isidro Manuel Ovalles, de 55 a\u00f1os de edad, el pasado 7 noviembre.<\/p>\n<p>La Procuradur\u00eda Fiscal de Santiago, indic\u00f3 que tiene pruebas suficientes con las cuales dijo que probar\u00e1 en juicio de fondo que Ovalles muri\u00f3 \u00a0por haber ingerido esa bebida.<\/p>\n<p>El Ministerio P\u00fablico estableci\u00f3 que el hecho ocurri\u00f3 aproximadamente a las 11:00 de la ma\u00f1ana.<\/p>\n<p>&nbsp;<\/p>\n","protected":false},"excerpt":{"rendered":"<p>RD- SANTIAGO-Tribunal Colegiado de esta provincia impuso un a\u00f1o de prisi\u00f3n preventiva contra de un hombre alegadamente le dio a tomar una batida de zapote envenenada a su suegro en el sector de Palmarejo, del municipio de Villa Gonz\u00e1lez. Rafael Antonio Garc\u00eda ser\u00e1 procesado por supuestamente matar por envenenamiento al padre de su concubina, Isidro [&hellip;]<\/p>\n","protected":false},"author":8,"featured_media":33226,"comment_status":"open","ping_status":"open","sticky":false,"template":"","format":"standard","meta":{"footnotes":""},"categories":[53,44],"tags":[],"class_list":["post-33225","post","type-post","status-publish","format-standard","has-post-thumbnail","hentry","category-provincias","category-republica-dominicana"],"_links":{"self":[{"href":"https:\/\/2horizontes.com\/index.php?rest_route=\/wp\/v2\/posts\/33225","targetHints":{"allow":["GET"]}}],"collection":[{"href":"https:\/\/2horizontes.com\/index.php?rest_route=\/wp\/v2\/posts"}],"about":[{"href":"https:\/\/2horizontes.com\/index.php?rest_route=\/wp\/v2\/types\/post"}],"author":[{"embeddable":true,"href":"https:\/\/2horizontes.com\/index.php?rest_route=\/wp\/v2\/users\/8"}],"replies":[{"embeddable":true,"href":"https:\/\/2horizontes.com\/index.php?rest_route=%2Fwp%2Fv2%2Fcomments&post=33225"}],"version-history":[{"count":1,"href":"https:\/\/2horizontes.com\/index.php?rest_route=\/wp\/v2\/posts\/33225\/revisions"}],"predecessor-version":[{"id":33227,"href":"https:\/\/2horizontes.com\/index.php?rest_route=\/wp\/v2\/posts\/33225\/revisions\/33227"}],"wp:featuredmedia":[{"embeddable":true,"href":"https:\/\/2horizontes.com\/index.php?rest_route=\/wp\/v2\/media\/33226"}],"wp:attachment":[{"href":"https:\/\/2horizontes.com\/index.php?rest_route=%2Fwp%2Fv2%2Fmedia&parent=33225"}],"wp:term":[{"taxonomy":"category","embeddable":true,"href":"https:\/\/2horizontes.com\/index.php?rest_route=%2Fwp%2Fv2%2Fcategories&post=33225"},{"taxonomy":"post_tag","embeddable":true,"href":"https:\/\/2horizontes.com\/index.php?rest_route=%2Fwp%2Fv2%2Ftags&post=33225"}],"curies":[{"name":"wp","href":"https:\/\/api.w.org\/{rel}","templated":true}]}}