{"id":33218,"date":"2015-11-18T18:52:25","date_gmt":"2015-11-18T17:52:25","guid":{"rendered":"http:\/\/2horizontes.com\/?p=33218"},"modified":"2015-11-18T18:52:25","modified_gmt":"2015-11-18T17:52:25","slug":"ya-han-identificados-los-129-fallecidos-en-los-atentados-de-paris","status":"publish","type":"post","link":"https:\/\/2horizontes.com\/?p=33218","title":{"rendered":"Ya han identificados los 129 fallecidos en los atentados de Par\u00eds"},"content":{"rendered":"<div id=\"ArticleAuthorDiv\" class=\"article-body-author\"><b>EFE<\/b><\/div>\n<div id=\"ArticleSourceDiv\" class=\"article-body-author\"><b>Par\u00eds<\/b><\/div>\n<div id=\"ArticleBody\">\n<p>Las 129 personas fallecidas en los atentados de Par\u00eds del pasado viernes han sido ya identificadas, mientras que un centenar de familias ya han recibido los restos de sus allegados, indic\u00f3 hoy el Gobierno.<\/p>\n<p>En su \u00faltimo balance, el Ministerio de Sanidad asegur\u00f3 ayer que medio centenar de los heridos permanec\u00edan graves.<\/p>\n<p>El Gobierno indic\u00f3 en su resumen del Consejo de Ministros que la Fiscal\u00eda tiene previsto finalizar las autopsias antes de que acabe la semana.<\/p>\n<p>Asegur\u00f3 tambi\u00e9n que en las noches del pasado domingo y lunes, bajo la cobertura del estado de emergencia decretado tras los atentados, se han procedido a 296 registros en los que se han encontrado 40 armas, cuatro de ellas de guerra.<\/p>\n<p>Adem\u00e1s, 33 personas han sido detenidas y el Ministerio del Interior dict\u00f3 114 arrestos domiciliarios.<\/p>\n<p>Por otro lado, el Gobierno indic\u00f3 que en la noche de los atentados se movilizaron 4.130 agentes, 2.500 de ellos polic\u00edas y 590 militares, adem\u00e1s de personal sanitario.<\/p>\n<p>Desde entonces se han desplegado en el pa\u00eds 58.000 polic\u00edas y 50.000 gendarmes, tanto en labores de investigaci\u00f3n como de incremento de la seguridad del pa\u00eds y de sus fronteras.<\/p>\n<p>Tambi\u00e9n se increment\u00f3 el dispositivo militar que vigila las calles de las principales ciudades del pa\u00eds, que pas\u00f3 de 7.000 a 10.000 unidades.<\/p>\n<p>El Consejo de Ministros reiter\u00f3 que los atentados son \u00abactos de guerra abominables\u00bb que exigen \u00abuna respuesta implacable a la altura del ataque que ha sufrido el pa\u00eds\u00bb.<\/p>\n<\/div>\n","protected":false},"excerpt":{"rendered":"<p>EFE Par\u00eds Las 129 personas fallecidas en los atentados de Par\u00eds del pasado viernes han sido ya identificadas, mientras que un centenar de familias ya han recibido los restos de sus allegados, indic\u00f3 hoy el Gobierno. En su \u00faltimo balance, el Ministerio de Sanidad asegur\u00f3 ayer que medio centenar de los heridos permanec\u00edan graves. El [&hellip;]<\/p>\n","protected":false},"author":8,"featured_media":33219,"comment_status":"open","ping_status":"open","sticky":false,"template":"","format":"standard","meta":{"footnotes":""},"categories":[86,40],"tags":[],"class_list":["post-33218","post","type-post","status-publish","format-standard","has-post-thumbnail","hentry","category-europa","category-internacionales"],"_links":{"self":[{"href":"https:\/\/2horizontes.com\/index.php?rest_route=\/wp\/v2\/posts\/33218","targetHints":{"allow":["GET"]}}],"collection":[{"href":"https:\/\/2horizontes.com\/index.php?rest_route=\/wp\/v2\/posts"}],"about":[{"href":"https:\/\/2horizontes.com\/index.php?rest_route=\/wp\/v2\/types\/post"}],"author":[{"embeddable":true,"href":"https:\/\/2horizontes.com\/index.php?rest_route=\/wp\/v2\/users\/8"}],"replies":[{"embeddable":true,"href":"https:\/\/2horizontes.com\/index.php?rest_route=%2Fwp%2Fv2%2Fcomments&post=33218"}],"version-history":[{"count":1,"href":"https:\/\/2horizontes.com\/index.php?rest_route=\/wp\/v2\/posts\/33218\/revisions"}],"predecessor-version":[{"id":33220,"href":"https:\/\/2horizontes.com\/index.php?rest_route=\/wp\/v2\/posts\/33218\/revisions\/33220"}],"wp:featuredmedia":[{"embeddable":true,"href":"https:\/\/2horizontes.com\/index.php?rest_route=\/wp\/v2\/media\/33219"}],"wp:attachment":[{"href":"https:\/\/2horizontes.com\/index.php?rest_route=%2Fwp%2Fv2%2Fmedia&parent=33218"}],"wp:term":[{"taxonomy":"category","embeddable":true,"href":"https:\/\/2horizontes.com\/index.php?rest_route=%2Fwp%2Fv2%2Fcategories&post=33218"},{"taxonomy":"post_tag","embeddable":true,"href":"https:\/\/2horizontes.com\/index.php?rest_route=%2Fwp%2Fv2%2Ftags&post=33218"}],"curies":[{"name":"wp","href":"https:\/\/api.w.org\/{rel}","templated":true}]}}