{"id":33197,"date":"2015-11-18T18:04:55","date_gmt":"2015-11-18T17:04:55","guid":{"rendered":"http:\/\/2horizontes.com\/?p=33197"},"modified":"2015-11-18T18:04:55","modified_gmt":"2015-11-18T17:04:55","slug":"vaguada-y-onda-tropical-provocaran-aguaceros-aislados-y-tronadas-hoy-en-rd","status":"publish","type":"post","link":"https:\/\/2horizontes.com\/?p=33197","title":{"rendered":"Vaguada y onda tropical provocar\u00e1n aguaceros aislados y tronadas hoy en  RD"},"content":{"rendered":"<p>RD- SANTO DOMINGO &#8211; Una vaguada en altura ubicada al noroeste del pa\u00eds y el acercamiento de una onda tropical que se localiza sobre Puerto Rico provocar\u00e1n incrementos nubosos con aguaceros aislados y tronadas desde esta tarde hasta las primeras horas de la noche.<\/p>\n<p>As\u00ed lo explic\u00f3 hoy la Oficina Nacional de Meteorolog\u00eda (ONAMET) en su informe, donde agreg\u00f3 que las lluvias ocurrir\u00e1n principalmente sobre las provincias Monte Plata, Hato Mayor, El Seibo, S\u00e1nchez Ram\u00edrez, Duarte, Saman\u00e1, Mar\u00eda Trinidad S\u00e1nchez, Espaillat, Santiago, La Vega, Monse\u00f1or Nouel y San Crist\u00f3bal.<\/p>\n<p>Mientras que para ma\u00f1ana, tanto la vaguada en altura como la onda tropical se habr\u00e1n alejado del pa\u00eds, dando paso a un flujo anticicl\u00f3nico en casi todos los niveles de la atmosfera, por lo tanto las lluvias ser\u00e1n escasas y solo se presentar\u00e1n\u00a0 al final de la tarde ligeros incrementos nubosos con chubascos de corto tiempo hacia puntos focales de las regiones noreste, sureste y el centro del pa\u00eds.<\/p>\n<p>En cuanto a las temperaturas, para los pr\u00f3ximos tres d\u00edas se tornar\u00e1n agradables en horas de la noche especialmente en zonas de monta\u00f1as debido al viento fresco del este\/noreste.<\/p>\n<p><strong>Pron\u00f3sticos locales<\/strong><\/p>\n<p>En el Distrito Nacional y la provincia Santo Domingo estar\u00e1 nublado con chubascos y tronadas en horas de la tarde.<\/p>\n<p>En el Gran Santo Domingo la temperatura m\u00e1xima estar\u00e1 entre 30\u00baC y 32\u00baC\u00a0 y la m\u00ednima entre 21\u00baC y 23\u00baC.<\/p>\n","protected":false},"excerpt":{"rendered":"<p>RD- SANTO DOMINGO &#8211; Una vaguada en altura ubicada al noroeste del pa\u00eds y el acercamiento de una onda tropical que se localiza sobre Puerto Rico provocar\u00e1n incrementos nubosos con aguaceros aislados y tronadas desde esta tarde hasta las primeras horas de la noche. As\u00ed lo explic\u00f3 hoy la Oficina Nacional de Meteorolog\u00eda (ONAMET) en [&hellip;]<\/p>\n","protected":false},"author":8,"featured_media":33198,"comment_status":"open","ping_status":"open","sticky":false,"template":"","format":"standard","meta":{"footnotes":""},"categories":[53,44],"tags":[],"class_list":["post-33197","post","type-post","status-publish","format-standard","has-post-thumbnail","hentry","category-provincias","category-republica-dominicana"],"_links":{"self":[{"href":"https:\/\/2horizontes.com\/index.php?rest_route=\/wp\/v2\/posts\/33197","targetHints":{"allow":["GET"]}}],"collection":[{"href":"https:\/\/2horizontes.com\/index.php?rest_route=\/wp\/v2\/posts"}],"about":[{"href":"https:\/\/2horizontes.com\/index.php?rest_route=\/wp\/v2\/types\/post"}],"author":[{"embeddable":true,"href":"https:\/\/2horizontes.com\/index.php?rest_route=\/wp\/v2\/users\/8"}],"replies":[{"embeddable":true,"href":"https:\/\/2horizontes.com\/index.php?rest_route=%2Fwp%2Fv2%2Fcomments&post=33197"}],"version-history":[{"count":1,"href":"https:\/\/2horizontes.com\/index.php?rest_route=\/wp\/v2\/posts\/33197\/revisions"}],"predecessor-version":[{"id":33199,"href":"https:\/\/2horizontes.com\/index.php?rest_route=\/wp\/v2\/posts\/33197\/revisions\/33199"}],"wp:featuredmedia":[{"embeddable":true,"href":"https:\/\/2horizontes.com\/index.php?rest_route=\/wp\/v2\/media\/33198"}],"wp:attachment":[{"href":"https:\/\/2horizontes.com\/index.php?rest_route=%2Fwp%2Fv2%2Fmedia&parent=33197"}],"wp:term":[{"taxonomy":"category","embeddable":true,"href":"https:\/\/2horizontes.com\/index.php?rest_route=%2Fwp%2Fv2%2Fcategories&post=33197"},{"taxonomy":"post_tag","embeddable":true,"href":"https:\/\/2horizontes.com\/index.php?rest_route=%2Fwp%2Fv2%2Ftags&post=33197"}],"curies":[{"name":"wp","href":"https:\/\/api.w.org\/{rel}","templated":true}]}}