{"id":33182,"date":"2015-11-18T16:39:15","date_gmt":"2015-11-18T15:39:15","guid":{"rendered":"http:\/\/2horizontes.com\/?p=33182"},"modified":"2015-11-18T16:39:15","modified_gmt":"2015-11-18T15:39:15","slug":"tres-muertos-y-6-heridos-en-accidentes-de-transito-en-carretera-higuey-rd","status":"publish","type":"post","link":"https:\/\/2horizontes.com\/?p=33182","title":{"rendered":"Tres muertos y 6 heridos en accidentes de tr\u00e1nsito en carretera Higuey RD"},"content":{"rendered":"<div id=\"ArticleBody\">\n<p>RD- LA ALTAGRACIA-Tres personas murieron y otras ocho resultaron heridas en accidentes de tr\u00e1nsito ocurridos anoche en la provincia La Altagracia.<\/p>\n<p>La Autoridad Metropolitana de Transporte (AMET) identific\u00f3 a los fallecidos como F\u00e9lix Alberto Concepci\u00f3n Guerrero, de 26 a\u00f1os; Cristian Efra\u00edn Rebuerer, de 60 a\u00f1os; y una joven que no fue identificada.<\/p>\n<p>Seg\u00fan la AMET, Concepci\u00f3n Guerrero y la joven que lo acompa\u00f1aba fallecieron en un triple choque ocurrido en el kil\u00f3metro 5 de la carretera Hig\u00fcey-Yuma, en el carro gris, marca Lexus, placa A519122.<\/p>\n<p>Los dem\u00e1s heridos de este accidente son Ismael Salvador, conductor de un carro Toyota, placa A640950; y Erick Manuel de la Cruz, quien conduc\u00eda un carro Mazda marr\u00f3n, placa A304411.<\/p>\n<p>Mientras que en otro accidente muri\u00f3 Cristian Efra\u00edn Rebuerer, cuando la camioneta que conduc\u00eda, una Nissan, placa L043431, choc\u00f3 con un autob\u00fas de transporte tur\u00edstico marca Hyundai, placa I047472, conducido por Amado Cedano Guerrero, de 60 a\u00f1os, quien result\u00f3 herido y se encuentra interno en la cl\u00ednica doctor Cedano de Hig\u00fcey.<\/p>\n<p>Los dem\u00e1s heridos son los 6 pasajeros norteamericanos que viajaban en el autob\u00fas y se encuentran en el hospital del Central Romana.<\/p>\n<p>Este \u00faltimo accidente ocurri\u00f3 en el kil\u00f3metro 24 de la carretera Benedicto- Bayahibe.<\/p>\n<\/div>\n<div><\/div>\n<p>&nbsp;<\/p>\n","protected":false},"excerpt":{"rendered":"<p>RD- LA ALTAGRACIA-Tres personas murieron y otras ocho resultaron heridas en accidentes de tr\u00e1nsito ocurridos anoche en la provincia La Altagracia. La Autoridad Metropolitana de Transporte (AMET) identific\u00f3 a los fallecidos como F\u00e9lix Alberto Concepci\u00f3n Guerrero, de 26 a\u00f1os; Cristian Efra\u00edn Rebuerer, de 60 a\u00f1os; y una joven que no fue identificada. Seg\u00fan la AMET, [&hellip;]<\/p>\n","protected":false},"author":8,"featured_media":33183,"comment_status":"open","ping_status":"open","sticky":false,"template":"","format":"standard","meta":{"footnotes":""},"categories":[53,44,45],"tags":[],"class_list":["post-33182","post","type-post","status-publish","format-standard","has-post-thumbnail","hentry","category-provincias","category-republica-dominicana","category-salud"],"_links":{"self":[{"href":"https:\/\/2horizontes.com\/index.php?rest_route=\/wp\/v2\/posts\/33182","targetHints":{"allow":["GET"]}}],"collection":[{"href":"https:\/\/2horizontes.com\/index.php?rest_route=\/wp\/v2\/posts"}],"about":[{"href":"https:\/\/2horizontes.com\/index.php?rest_route=\/wp\/v2\/types\/post"}],"author":[{"embeddable":true,"href":"https:\/\/2horizontes.com\/index.php?rest_route=\/wp\/v2\/users\/8"}],"replies":[{"embeddable":true,"href":"https:\/\/2horizontes.com\/index.php?rest_route=%2Fwp%2Fv2%2Fcomments&post=33182"}],"version-history":[{"count":1,"href":"https:\/\/2horizontes.com\/index.php?rest_route=\/wp\/v2\/posts\/33182\/revisions"}],"predecessor-version":[{"id":33184,"href":"https:\/\/2horizontes.com\/index.php?rest_route=\/wp\/v2\/posts\/33182\/revisions\/33184"}],"wp:featuredmedia":[{"embeddable":true,"href":"https:\/\/2horizontes.com\/index.php?rest_route=\/wp\/v2\/media\/33183"}],"wp:attachment":[{"href":"https:\/\/2horizontes.com\/index.php?rest_route=%2Fwp%2Fv2%2Fmedia&parent=33182"}],"wp:term":[{"taxonomy":"category","embeddable":true,"href":"https:\/\/2horizontes.com\/index.php?rest_route=%2Fwp%2Fv2%2Fcategories&post=33182"},{"taxonomy":"post_tag","embeddable":true,"href":"https:\/\/2horizontes.com\/index.php?rest_route=%2Fwp%2Fv2%2Ftags&post=33182"}],"curies":[{"name":"wp","href":"https:\/\/api.w.org\/{rel}","templated":true}]}}