{"id":33179,"date":"2015-11-18T15:25:23","date_gmt":"2015-11-18T14:25:23","guid":{"rendered":"http:\/\/2horizontes.com\/?p=33179"},"modified":"2015-11-18T15:25:23","modified_gmt":"2015-11-18T14:25:23","slug":"24-desaparecidos-en-la-peor-tragedia-con-pateras-en-canarias-en-una-decada","status":"publish","type":"post","link":"https:\/\/2horizontes.com\/?p=33179","title":{"rendered":"24 Desaparecidos en la peor tragedia con pateras en Canarias en una d\u00e9cada"},"content":{"rendered":"<p><strong>EFE <\/strong><\/p>\n<p><strong>Gran Canarias<\/strong><\/p>\n<p>Veinticuatro personas han desaparecido esta noche a 237 kil\u00f3metros al sur de Gran Canaria, tras naufragar una patera que se dirig\u00eda al archipi\u00e9lago con 46 inmigrantes a bordo, en la que podr\u00eda ser la peor tragedia de este tipo que se produce en esta zona del Atl\u00e1ntico desde marzo de 2006.<\/p>\n<p>Los n\u00e1ufragos han relatado a su llegada al puerto de Arguinegu\u00edn que hab\u00edan salido ayer, martes, y que su embarcaci\u00f3n volc\u00f3 sobre las 20.50 horas, cuando ten\u00edan cerca a una patrullera de Marruecos (el suceso ocurri\u00f3 a 37 kil\u00f3metros de la costa del Sahara), seg\u00fan ha se\u00f1alado el presidente de la Cruz Roja en San Bartolom\u00e9 de Tirajana, Gerardo Santana, tras prestarles los primeros cuidados de urgencia.<\/p>\n<p>&nbsp;<\/p>\n","protected":false},"excerpt":{"rendered":"<p>EFE Gran Canarias Veinticuatro personas han desaparecido esta noche a 237 kil\u00f3metros al sur de Gran Canaria, tras naufragar una patera que se dirig\u00eda al archipi\u00e9lago con 46 inmigrantes a bordo, en la que podr\u00eda ser la peor tragedia de este tipo que se produce en esta zona del Atl\u00e1ntico desde marzo de 2006. Los [&hellip;]<\/p>\n","protected":false},"author":7,"featured_media":33180,"comment_status":"open","ping_status":"open","sticky":false,"template":"","format":"standard","meta":{"footnotes":""},"categories":[85,40],"tags":[],"class_list":["post-33179","post","type-post","status-publish","format-standard","has-post-thumbnail","hentry","category-espana","category-internacionales"],"_links":{"self":[{"href":"https:\/\/2horizontes.com\/index.php?rest_route=\/wp\/v2\/posts\/33179","targetHints":{"allow":["GET"]}}],"collection":[{"href":"https:\/\/2horizontes.com\/index.php?rest_route=\/wp\/v2\/posts"}],"about":[{"href":"https:\/\/2horizontes.com\/index.php?rest_route=\/wp\/v2\/types\/post"}],"author":[{"embeddable":true,"href":"https:\/\/2horizontes.com\/index.php?rest_route=\/wp\/v2\/users\/7"}],"replies":[{"embeddable":true,"href":"https:\/\/2horizontes.com\/index.php?rest_route=%2Fwp%2Fv2%2Fcomments&post=33179"}],"version-history":[{"count":1,"href":"https:\/\/2horizontes.com\/index.php?rest_route=\/wp\/v2\/posts\/33179\/revisions"}],"predecessor-version":[{"id":33181,"href":"https:\/\/2horizontes.com\/index.php?rest_route=\/wp\/v2\/posts\/33179\/revisions\/33181"}],"wp:featuredmedia":[{"embeddable":true,"href":"https:\/\/2horizontes.com\/index.php?rest_route=\/wp\/v2\/media\/33180"}],"wp:attachment":[{"href":"https:\/\/2horizontes.com\/index.php?rest_route=%2Fwp%2Fv2%2Fmedia&parent=33179"}],"wp:term":[{"taxonomy":"category","embeddable":true,"href":"https:\/\/2horizontes.com\/index.php?rest_route=%2Fwp%2Fv2%2Fcategories&post=33179"},{"taxonomy":"post_tag","embeddable":true,"href":"https:\/\/2horizontes.com\/index.php?rest_route=%2Fwp%2Fv2%2Ftags&post=33179"}],"curies":[{"name":"wp","href":"https:\/\/api.w.org\/{rel}","templated":true}]}}