{"id":33112,"date":"2015-11-18T12:34:21","date_gmt":"2015-11-18T11:34:21","guid":{"rendered":"http:\/\/2horizontes.com\/?p=33112"},"modified":"2015-11-18T12:34:21","modified_gmt":"2015-11-18T11:34:21","slug":"dictan-primera-sentencia-condenatoria-por-discriminacion-racial-en-peru","status":"publish","type":"post","link":"https:\/\/2horizontes.com\/?p=33112","title":{"rendered":"Dictan primera sentencia condenatoria por discriminaci\u00f3n racial en Per\u00fa"},"content":{"rendered":"<p>Un tribunal de la regi\u00f3n andina de Jun\u00edn, en el centro de Per\u00fa, dict\u00f3 una sentencia condenatoria por el delito de discriminaci\u00f3n racial, una medida que el Ministerio de Cultura consider\u00f3 \u201cun importante precedente en el derecho a la igualdad y la no discriminaci\u00f3n en el pa\u00eds\u201d.<\/p>\n<p>El Segundo Juzgado Penal Liquidador de la Corte Superior de Justicia de Jun\u00edn orden\u00f3, en primera instancia, tres a\u00f1os de prisi\u00f3n preventiva y el pago de 5 mil soles (unos 1.560 d\u00f3lares) a dos funcionarios de la Empresa de Servicios de Agua Potable y Alcantarillado Municipal (Sedam) de Huancayo, la capital de Jun\u00edn.<\/p>\n<p>Seg\u00fan la informaci\u00f3n del ministerio, la sentencia se dio por el delito de discriminaci\u00f3n racial en agravio de Azucena Asunci\u00f3n Algendones, quien fue agredida el 20 de marzo de 2012 por una compa\u00f1era de trabajo con \u201cpalabras hirientes y gestos despectivos en relaci\u00f3n a su color de piel\u201d.<\/p>\n<p>Algendones inici\u00f3 un procedimiento interno en las oficinas de Sedam Huancayo, pero la empresa opt\u00f3 por no sancionar a la persona denunciada a pesar de la existencia de informes y documentos que corroboraban el acto de discriminaci\u00f3n.<\/p>\n<p>Por este motivo, la mujer present\u00f3 una denuncia penal por la comisi\u00f3n del delito contra la humanidad, en la modalidad de discriminaci\u00f3n, en contra del gerente general y del jefe de Recursos Humanos y Relaciones Industriales de Sedam Huancayo.<\/p>\n<p>El ministerio remarc\u00f3 que la sentencia marca \u201cun precedente de gran importancia para el ejercicio del derecho a la igualdad y no discriminaci\u00f3n por motivo de origen, raza, lengua o costumbres y, adem\u00e1s, constituye un acto de reivindicaci\u00f3n para la poblaci\u00f3n afroperuana, la cual ha sido discriminada de manera hist\u00f3rica.<\/p>\n<p>El despacho inform\u00f3 que mediante la plataforma \u201cAlerta contra el Racismo\u201d acompa\u00f1\u00f3 el caso \u201cbrindando asesoramiento a la agraviada y realizando recomendaciones a las instancias pertinentes\u201d.<\/p>\n<p>Algendones tambi\u00e9n recibi\u00f3 apoyo de la ONG Centro de Desarrollo de la Mujer Negra Peruana (Cedemunep), la Coordinadora de Derechos Humanos y la representaci\u00f3n de Defensor\u00eda del Pueblo en Jun\u00edn.<\/p>\n<p>Fuente: EFE<\/p>\n","protected":false},"excerpt":{"rendered":"<p>Un tribunal de la regi\u00f3n andina de Jun\u00edn, en el centro de Per\u00fa, dict\u00f3 una sentencia condenatoria por el delito de discriminaci\u00f3n racial, una medida que el Ministerio de Cultura consider\u00f3 \u201cun importante precedente en el derecho a la igualdad y la no discriminaci\u00f3n en el pa\u00eds\u201d. El Segundo Juzgado Penal Liquidador de la Corte [&hellip;]<\/p>\n","protected":false},"author":3,"featured_media":33113,"comment_status":"open","ping_status":"open","sticky":false,"template":"","format":"standard","meta":{"footnotes":""},"categories":[40],"tags":[],"class_list":["post-33112","post","type-post","status-publish","format-standard","has-post-thumbnail","hentry","category-internacionales"],"_links":{"self":[{"href":"https:\/\/2horizontes.com\/index.php?rest_route=\/wp\/v2\/posts\/33112","targetHints":{"allow":["GET"]}}],"collection":[{"href":"https:\/\/2horizontes.com\/index.php?rest_route=\/wp\/v2\/posts"}],"about":[{"href":"https:\/\/2horizontes.com\/index.php?rest_route=\/wp\/v2\/types\/post"}],"author":[{"embeddable":true,"href":"https:\/\/2horizontes.com\/index.php?rest_route=\/wp\/v2\/users\/3"}],"replies":[{"embeddable":true,"href":"https:\/\/2horizontes.com\/index.php?rest_route=%2Fwp%2Fv2%2Fcomments&post=33112"}],"version-history":[{"count":1,"href":"https:\/\/2horizontes.com\/index.php?rest_route=\/wp\/v2\/posts\/33112\/revisions"}],"predecessor-version":[{"id":33114,"href":"https:\/\/2horizontes.com\/index.php?rest_route=\/wp\/v2\/posts\/33112\/revisions\/33114"}],"wp:featuredmedia":[{"embeddable":true,"href":"https:\/\/2horizontes.com\/index.php?rest_route=\/wp\/v2\/media\/33113"}],"wp:attachment":[{"href":"https:\/\/2horizontes.com\/index.php?rest_route=%2Fwp%2Fv2%2Fmedia&parent=33112"}],"wp:term":[{"taxonomy":"category","embeddable":true,"href":"https:\/\/2horizontes.com\/index.php?rest_route=%2Fwp%2Fv2%2Fcategories&post=33112"},{"taxonomy":"post_tag","embeddable":true,"href":"https:\/\/2horizontes.com\/index.php?rest_route=%2Fwp%2Fv2%2Ftags&post=33112"}],"curies":[{"name":"wp","href":"https:\/\/api.w.org\/{rel}","templated":true}]}}