{"id":33091,"date":"2015-11-18T01:02:02","date_gmt":"2015-11-18T00:02:02","guid":{"rendered":"http:\/\/2horizontes.com\/?p=33091"},"modified":"2015-11-18T01:02:02","modified_gmt":"2015-11-18T00:02:02","slug":"otro-nino-muere-con-sintomas-de-dengue-en-santiago-rd","status":"publish","type":"post","link":"https:\/\/2horizontes.com\/?p=33091","title":{"rendered":"Otro ni\u00f1o muere con s\u00edntomas de dengue en Santiago RD"},"content":{"rendered":"<p>RD- SANTIAGO-Un ni\u00f1o de un a\u00f1o y seis meses falleci\u00f3 por deshidrataci\u00f3n y diarrea, tras permanecer ingresado dos d\u00edas en el hospital infantil Arturo Grull\u00f3n.<\/p>\n<p>Los familiares del menor Adri\u00e1n Hern\u00e1ndez, residente en la comunidad de Hato Mayor, al sureste de Santiago, aseguran se trat\u00f3 de s\u00edntomas similares al dengue. Las autoridades del centro de salud lo rechazan.<\/p>\n<p>El informe m\u00e9dico establece que el ni\u00f1o present\u00f3 un shock hipovol\u00e9mico, enfermedad diarreica aguda y deshidrataci\u00f3n.<\/p>\n<p>El ni\u00f1o fue llevado al Arturo Grull\u00f3n el d\u00eda uno de noviembre y sus familiares a los pocos d\u00edas pidieron le dieran de alta, pero al continuar con los mismos s\u00edntomas, fue llevado nueva vez el domingo 14 y falleci\u00f3 el lunes en horas de la tarde.<\/p>\n<p>En tanto, que en La Vega, una ni\u00f1a de seis a\u00f1os de edad, identificada como Karen Mar\u00eda Ar\u00e1mboles, falleci\u00f3 con s\u00edntomas similares al dengue, seg\u00fan inform\u00f3 su padre Elvin Ar\u00e1mboles. La ni\u00f1a resid\u00eda en el sector Don Bosco. El caso es investigado por las autoridades<\/p>\n<p>&nbsp;<\/p>\n","protected":false},"excerpt":{"rendered":"<p>RD- SANTIAGO-Un ni\u00f1o de un a\u00f1o y seis meses falleci\u00f3 por deshidrataci\u00f3n y diarrea, tras permanecer ingresado dos d\u00edas en el hospital infantil Arturo Grull\u00f3n. Los familiares del menor Adri\u00e1n Hern\u00e1ndez, residente en la comunidad de Hato Mayor, al sureste de Santiago, aseguran se trat\u00f3 de s\u00edntomas similares al dengue. Las autoridades del centro de [&hellip;]<\/p>\n","protected":false},"author":8,"featured_media":33092,"comment_status":"open","ping_status":"open","sticky":false,"template":"","format":"standard","meta":{"footnotes":""},"categories":[53,44],"tags":[],"class_list":["post-33091","post","type-post","status-publish","format-standard","has-post-thumbnail","hentry","category-provincias","category-republica-dominicana"],"_links":{"self":[{"href":"https:\/\/2horizontes.com\/index.php?rest_route=\/wp\/v2\/posts\/33091","targetHints":{"allow":["GET"]}}],"collection":[{"href":"https:\/\/2horizontes.com\/index.php?rest_route=\/wp\/v2\/posts"}],"about":[{"href":"https:\/\/2horizontes.com\/index.php?rest_route=\/wp\/v2\/types\/post"}],"author":[{"embeddable":true,"href":"https:\/\/2horizontes.com\/index.php?rest_route=\/wp\/v2\/users\/8"}],"replies":[{"embeddable":true,"href":"https:\/\/2horizontes.com\/index.php?rest_route=%2Fwp%2Fv2%2Fcomments&post=33091"}],"version-history":[{"count":1,"href":"https:\/\/2horizontes.com\/index.php?rest_route=\/wp\/v2\/posts\/33091\/revisions"}],"predecessor-version":[{"id":33093,"href":"https:\/\/2horizontes.com\/index.php?rest_route=\/wp\/v2\/posts\/33091\/revisions\/33093"}],"wp:featuredmedia":[{"embeddable":true,"href":"https:\/\/2horizontes.com\/index.php?rest_route=\/wp\/v2\/media\/33092"}],"wp:attachment":[{"href":"https:\/\/2horizontes.com\/index.php?rest_route=%2Fwp%2Fv2%2Fmedia&parent=33091"}],"wp:term":[{"taxonomy":"category","embeddable":true,"href":"https:\/\/2horizontes.com\/index.php?rest_route=%2Fwp%2Fv2%2Fcategories&post=33091"},{"taxonomy":"post_tag","embeddable":true,"href":"https:\/\/2horizontes.com\/index.php?rest_route=%2Fwp%2Fv2%2Ftags&post=33091"}],"curies":[{"name":"wp","href":"https:\/\/api.w.org\/{rel}","templated":true}]}}