{"id":33086,"date":"2015-11-18T00:56:38","date_gmt":"2015-11-17T23:56:38","guid":{"rendered":"http:\/\/2horizontes.com\/?p=33086"},"modified":"2015-11-18T00:56:38","modified_gmt":"2015-11-17T23:56:38","slug":"presidente-de-bolivia-evo-morales-llama-lesbiana-a-una-ministra-y-luego-se-disculpa","status":"publish","type":"post","link":"https:\/\/2horizontes.com\/?p=33086","title":{"rendered":"Presidente de Bolivia Evo Morales llama lesbiana a una ministra y luego se disculpa"},"content":{"rendered":"<p><strong>LA PAZ, Bolivia (AP) \u2014<\/strong> El presidente boliviano Evo Morales se disculp\u00f3 con la ministra de Salud Ariana Campero, a quien llam\u00f3 lesbiana en tono de broma durante un acto p\u00fablico la v\u00edspera.<\/p>\n<div>\n<p>\u00abYo y el gobierno no tenemos nada en contra de las opciones sexuales de nadie. Respetamos la diversidad&#8230; me disculpo humilde y sinceramente. No fue mi intenci\u00f3n ofender a nadie\u00bb, dijo el mandatario en un breve comunicado difundido el martes por el Ministerio de Comunicaci\u00f3n.<\/p>\n<p>Morales participaba de un acto p\u00fablico para entregar ambulancias a las autoridades de Beni y hablaba de temas de salud p\u00fablica en esa regi\u00f3n cuando introdujo un comentario que no ten\u00eda nada que ver con el tema de su discurso: \u00abBeni es muy grande geogr\u00e1ficamente, hay que planificar ministra&#8230; ah\u00ed inaugurando, no quiero pensar que es lesbiana compa\u00f1era ministra\u00bb,<\/p>\n<p>La ministra estaba en el palco y dirigi\u00f3 su vista al mandatario cuando escuch\u00f3 la alusi\u00f3n pero no dijo nada. Sin embargo, hubo muchas cr\u00edticas a Morales en las redes sociales.<\/p>\n<p>No se conoce p\u00fablicamente la preferencia de Campero de 28 a\u00f1os, la ministra m\u00e1s joven del gabinete de Morales.<\/p>\n<p>Hace poco m\u00e1s de siete meses public\u00f3 en su cuenta de twitter: \u00abNi callada ni sumisa esta ministra est\u00e1 contra el patriarcado, que pena x machistas en nuestras filas. La lucha sigue\u00bb, en referencia a comentarios de corte machista de dirigentes del partido oficialista.<\/p>\n<p>Hace dos semanas Campero tambi\u00e9n fue blanco de comentarios p\u00fablicos por parte del vicepresidente Alvaro Garc\u00eda.<\/p>\n<p>\u00abPrimero c\u00e1sate, ministra, no es as\u00ed nom\u00e1s. El novio (pide) prueba de amor, pero primero es el matrimonio\u00bb, dijo Garc\u00eda en un acto p\u00fablico y en presencia de la aludida.<\/p>\n<p>Tampoco es la primera vez que Morales es criticado por sus comentarios de tono machista. En una ocasi\u00f3n dijo que es \u00abfeminista, aunque con bromas machistas\u00bb y dijo que hace comentarios para provocar a la oposici\u00f3n.<\/p>\n<p>El martes varios l\u00edderes de la oposici\u00f3n pidieron la renuncia de Campero. \u00abPor dignidad la ministra de Salud deber\u00eda renunciar porque no es s\u00f3lo ella, la ofensa es a todas las mujeres\u00bb, dijo la dirigente del opositor Partido Dem\u00f3crata Cristiano Tomasa Yarwi.<\/p>\n<\/div>\n<p>&nbsp;<\/p>\n","protected":false},"excerpt":{"rendered":"<p>LA PAZ, Bolivia (AP) \u2014 El presidente boliviano Evo Morales se disculp\u00f3 con la ministra de Salud Ariana Campero, a quien llam\u00f3 lesbiana en tono de broma durante un acto p\u00fablico la v\u00edspera. \u00abYo y el gobierno no tenemos nada en contra de las opciones sexuales de nadie. Respetamos la diversidad&#8230; me disculpo humilde y [&hellip;]<\/p>\n","protected":false},"author":8,"featured_media":33089,"comment_status":"open","ping_status":"open","sticky":false,"template":"","format":"standard","meta":{"footnotes":""},"categories":[40,43],"tags":[],"class_list":["post-33086","post","type-post","status-publish","format-standard","has-post-thumbnail","hentry","category-internacionales","category-politica"],"_links":{"self":[{"href":"https:\/\/2horizontes.com\/index.php?rest_route=\/wp\/v2\/posts\/33086","targetHints":{"allow":["GET"]}}],"collection":[{"href":"https:\/\/2horizontes.com\/index.php?rest_route=\/wp\/v2\/posts"}],"about":[{"href":"https:\/\/2horizontes.com\/index.php?rest_route=\/wp\/v2\/types\/post"}],"author":[{"embeddable":true,"href":"https:\/\/2horizontes.com\/index.php?rest_route=\/wp\/v2\/users\/8"}],"replies":[{"embeddable":true,"href":"https:\/\/2horizontes.com\/index.php?rest_route=%2Fwp%2Fv2%2Fcomments&post=33086"}],"version-history":[{"count":1,"href":"https:\/\/2horizontes.com\/index.php?rest_route=\/wp\/v2\/posts\/33086\/revisions"}],"predecessor-version":[{"id":33090,"href":"https:\/\/2horizontes.com\/index.php?rest_route=\/wp\/v2\/posts\/33086\/revisions\/33090"}],"wp:featuredmedia":[{"embeddable":true,"href":"https:\/\/2horizontes.com\/index.php?rest_route=\/wp\/v2\/media\/33089"}],"wp:attachment":[{"href":"https:\/\/2horizontes.com\/index.php?rest_route=%2Fwp%2Fv2%2Fmedia&parent=33086"}],"wp:term":[{"taxonomy":"category","embeddable":true,"href":"https:\/\/2horizontes.com\/index.php?rest_route=%2Fwp%2Fv2%2Fcategories&post=33086"},{"taxonomy":"post_tag","embeddable":true,"href":"https:\/\/2horizontes.com\/index.php?rest_route=%2Fwp%2Fv2%2Ftags&post=33086"}],"curies":[{"name":"wp","href":"https:\/\/api.w.org\/{rel}","templated":true}]}}