{"id":33085,"date":"2015-11-18T00:54:09","date_gmt":"2015-11-17T23:54:09","guid":{"rendered":"http:\/\/2horizontes.com\/?p=33085"},"modified":"2015-11-18T00:54:09","modified_gmt":"2015-11-17T23:54:09","slug":"aseguran-que-paul-walker-fue-el-culpable-de-su-propia-muerte","status":"publish","type":"post","link":"https:\/\/2horizontes.com\/?p=33085","title":{"rendered":"ASEGURAN QUE PAUL WALKER FUE EL CULPABLE DE SU PROPIA MUERTE"},"content":{"rendered":"<p>Porsche por fin respondi\u00f3 a la demanda que present\u00f3 la hija del fallecido Paul Walker, Meadow Walker, en la que culpa a la marca de autom\u00f3viles de la muerte de su padre.<\/p>\n<p>De acuerdo con la informaci\u00f3n publicada en el portal Deadline, la compa\u00f1\u00eda asegur\u00f3 que el veh\u00edculo Carrera CT en el que viajaban Walker y su amigo Roger Rodar fue \u00abalterado, maltradado y descuidado\u00bb.<\/p>\n<p>Porsche cit\u00f3 que en el reporte policial de la colisi\u00f3n se indica que fue el exceso de velocidad lo que caus\u00f3 el accidente y no una falla en el auto como lo indica la demanda.<\/p>\n<p>Meadow present\u00f3 esta solicitud el 28 de septiembre de este a\u00f1o ante la corte de Los \u00c1ngeles, California, en la que la chica pide una indemnizaci\u00f3n por una cantidad no especificada.<\/p>\n","protected":false},"excerpt":{"rendered":"<p>Porsche por fin respondi\u00f3 a la demanda que present\u00f3 la hija del fallecido Paul Walker, Meadow Walker, en la que culpa a la marca de autom\u00f3viles de la muerte de su padre. De acuerdo con la informaci\u00f3n publicada en el portal Deadline, la compa\u00f1\u00eda asegur\u00f3 que el veh\u00edculo Carrera CT en el que viajaban Walker [&hellip;]<\/p>\n","protected":false},"author":3,"featured_media":33087,"comment_status":"open","ping_status":"open","sticky":false,"template":"","format":"standard","meta":{"footnotes":""},"categories":[1],"tags":[],"class_list":["post-33085","post","type-post","status-publish","format-standard","has-post-thumbnail","hentry","category-entretenimiento"],"_links":{"self":[{"href":"https:\/\/2horizontes.com\/index.php?rest_route=\/wp\/v2\/posts\/33085","targetHints":{"allow":["GET"]}}],"collection":[{"href":"https:\/\/2horizontes.com\/index.php?rest_route=\/wp\/v2\/posts"}],"about":[{"href":"https:\/\/2horizontes.com\/index.php?rest_route=\/wp\/v2\/types\/post"}],"author":[{"embeddable":true,"href":"https:\/\/2horizontes.com\/index.php?rest_route=\/wp\/v2\/users\/3"}],"replies":[{"embeddable":true,"href":"https:\/\/2horizontes.com\/index.php?rest_route=%2Fwp%2Fv2%2Fcomments&post=33085"}],"version-history":[{"count":1,"href":"https:\/\/2horizontes.com\/index.php?rest_route=\/wp\/v2\/posts\/33085\/revisions"}],"predecessor-version":[{"id":33088,"href":"https:\/\/2horizontes.com\/index.php?rest_route=\/wp\/v2\/posts\/33085\/revisions\/33088"}],"wp:featuredmedia":[{"embeddable":true,"href":"https:\/\/2horizontes.com\/index.php?rest_route=\/wp\/v2\/media\/33087"}],"wp:attachment":[{"href":"https:\/\/2horizontes.com\/index.php?rest_route=%2Fwp%2Fv2%2Fmedia&parent=33085"}],"wp:term":[{"taxonomy":"category","embeddable":true,"href":"https:\/\/2horizontes.com\/index.php?rest_route=%2Fwp%2Fv2%2Fcategories&post=33085"},{"taxonomy":"post_tag","embeddable":true,"href":"https:\/\/2horizontes.com\/index.php?rest_route=%2Fwp%2Fv2%2Ftags&post=33085"}],"curies":[{"name":"wp","href":"https:\/\/api.w.org\/{rel}","templated":true}]}}