{"id":3304,"date":"2015-02-04T20:14:36","date_gmt":"2015-02-04T20:14:36","guid":{"rendered":"http:\/\/2horizontes.com\/?p=3304"},"modified":"2015-02-04T20:14:36","modified_gmt":"2015-02-04T20:14:36","slug":"la-republica-dominicana-da-inicio-a-las-festividades-del-mes-de-la-dominicanidad-2015-en-espana","status":"publish","type":"post","link":"https:\/\/2horizontes.com\/?p=3304","title":{"rendered":"La Rep\u00fablica Dominicana da inicio a las festividades del Mes de la Dominicanidad 2015 en Espa\u00f1a."},"content":{"rendered":"<p><a href=\"http:\/\/2horizontes.com\/wp-content\/uploads\/2015\/02\/fffff.jpg\"><img loading=\"lazy\" decoding=\"async\" src=\"http:\/\/2horizontes.com\/wp-content\/uploads\/2015\/02\/fffff-300x225.jpg\" alt=\"fffff\" width=\"300\" height=\"225\" class=\"alignleft size-medium wp-image-3307\" srcset=\"https:\/\/2horizontes.com\/wp-content\/uploads\/2015\/02\/fffff-300x225.jpg 300w, https:\/\/2horizontes.com\/wp-content\/uploads\/2015\/02\/fffff-510x382.jpg 510w, https:\/\/2horizontes.com\/wp-content\/uploads\/2015\/02\/fffff.jpg 640w\" sizes=\"auto, (max-width: 300px) 100vw, 300px\" \/><\/a><\/p>\n<p>Madrid, Espa\u00f1a. El pasado domingo 25 de enero  se iniciaron las festividades en Espa\u00f1a del Mes de la Dominicanidad 2015,  con una misa en honor a la Virgen de la Altagracia, patrona del pueblo dominicano, celebrada por el Obispo de la Vega, Monse\u00f1or Antonio Camilo Gonz\u00e1lez, en compa\u00f1\u00eda de sacerdotes Carmelitas y dominicanos que estudian en Madrid.<br \/>\nCientos de dominicanos se dieron cita  en la Parroquia de Santa Teresa y San Jos\u00e9 Carmelitas Descalzos, en la Plaza de Espa\u00f1a,   donde Monse\u00f1or Camilo habl\u00f3 de la alegr\u00eda y del gozo interior como soporte de la vida de los individuos. \u201cDebemos vivir el contento hacia dentro y hacia los dem\u00e1s y aprendamos de la virgen de la Altagracia a tener alegr\u00eda en todo lo que hacemos y dar amor a los dem\u00e1s, en especial a los que sufren y a los enfermos, y que nos alcance ese amor al pr\u00f3jimo, en especial a los dominicanos en Espa\u00f1a\u201d, dijo.<br \/>\nEl momento m\u00e1s emotivo de la misa fue cuando el Obispo pidi\u00f3 aunar esfuerzos para que le sea concedida la nacionalidad dominicana al padre Daniel Guerra, presente en la misa, quien desde el a\u00f1o 1956 ha forjado estrechos v\u00ednculos con el pa\u00eds y su poblaci\u00f3n,  tanto all\u00ed como en Espa\u00f1a, apoyando siempre a aquellos dominicanos que m\u00e1s lo necesitan. Todos los asistentes reconocieron con un efusivo aplauso la labor de Guerra, y levantaron la mano al un\u00edsono  para unirse a la causa de lograr su sue\u00f1o: \u201cobtener la nacionalidad dominicana\u201d.<br \/>\nLa parte musical estuvo a cargo del coro dirigido por el padre Juan \u00c1ngel Pichardo, el cual interpret\u00f3 diversas piezas cristianas a ritmo de merengue, revistiendo el acto de mucho entusiasmo.<br \/>\nEntre los presentes estuvieron el Embajador de la Rep\u00fablica Dominicana ante el Reino de Espa\u00f1a, An\u00edbal de Castro; el C\u00f3nsul General en Madrid, Juan Cuevas; personal de las misiones diplom\u00e1tica y consular acreditadas en Espa\u00f1a, y una nutrida representaci\u00f3n de la sociedad civil dominicana radicada en Madrid.<br \/>\nPor otro lado, al d\u00eda siguiente, el 26 de enero, se conmemor\u00f3 el 202 aniversario del natalicio del Patricio Juan Pablo Duarte,   con una ofrenda floral ante el busto del insigne Padre de la Patria, ubicado en el Paseo de Camoens de esta ciudad.<br \/>\nEl discurso fue pronunciado por el se\u00f1or Juan Cuevas, quien valor\u00f3 la labor de Duarte como forjador de la independencia, y exhort\u00f3 a los presentes a mantener siempre vivo el amor y el orgullo hacia la patria.<br \/>\nAl acto asistieron  el se\u00f1or Gonzalo Ortiz L\u00e1zaro, Director General de Inmigraci\u00f3n de la Comunidad de Madrid; Santiago Rodr\u00edguez, Ministro Consejero, en representaci\u00f3n de La Embajada; funcionarios del \u00e1rea diplom\u00e1tica y consular, as\u00ed como decenas de dominicanos radicados en esta capital iberoamericana.<br \/>\nDurante todo el Mes de la Dominicanidad se realizar\u00e1n actividades en Madrid y otras comunidades de Espa\u00f1a, culminando el 27 de Febrero con una ofrenda floral en conmemoraci\u00f3n del 171 aniversario de la Independencia Nacional Dominicana.<\/p>\n","protected":false},"excerpt":{"rendered":"<p>Madrid, Espa\u00f1a. El pasado domingo 25 de enero se iniciaron las festividades en Espa\u00f1a del Mes de la Dominicanidad 2015, con una misa en honor a la Virgen de la Altagracia, patrona del pueblo dominicano, celebrada por el Obispo de la Vega, Monse\u00f1or Antonio Camilo Gonz\u00e1lez, en compa\u00f1\u00eda de sacerdotes Carmelitas y dominicanos que estudian [&hellip;]<\/p>\n","protected":false},"author":1,"featured_media":0,"comment_status":"open","ping_status":"open","sticky":false,"template":"","format":"standard","meta":{"footnotes":""},"categories":[1],"tags":[],"class_list":["post-3304","post","type-post","status-publish","format-standard","hentry","category-entretenimiento"],"_links":{"self":[{"href":"https:\/\/2horizontes.com\/index.php?rest_route=\/wp\/v2\/posts\/3304","targetHints":{"allow":["GET"]}}],"collection":[{"href":"https:\/\/2horizontes.com\/index.php?rest_route=\/wp\/v2\/posts"}],"about":[{"href":"https:\/\/2horizontes.com\/index.php?rest_route=\/wp\/v2\/types\/post"}],"author":[{"embeddable":true,"href":"https:\/\/2horizontes.com\/index.php?rest_route=\/wp\/v2\/users\/1"}],"replies":[{"embeddable":true,"href":"https:\/\/2horizontes.com\/index.php?rest_route=%2Fwp%2Fv2%2Fcomments&post=3304"}],"version-history":[{"count":1,"href":"https:\/\/2horizontes.com\/index.php?rest_route=\/wp\/v2\/posts\/3304\/revisions"}],"predecessor-version":[{"id":3308,"href":"https:\/\/2horizontes.com\/index.php?rest_route=\/wp\/v2\/posts\/3304\/revisions\/3308"}],"wp:attachment":[{"href":"https:\/\/2horizontes.com\/index.php?rest_route=%2Fwp%2Fv2%2Fmedia&parent=3304"}],"wp:term":[{"taxonomy":"category","embeddable":true,"href":"https:\/\/2horizontes.com\/index.php?rest_route=%2Fwp%2Fv2%2Fcategories&post=3304"},{"taxonomy":"post_tag","embeddable":true,"href":"https:\/\/2horizontes.com\/index.php?rest_route=%2Fwp%2Fv2%2Ftags&post=3304"}],"curies":[{"name":"wp","href":"https:\/\/api.w.org\/{rel}","templated":true}]}}