{"id":32961,"date":"2015-11-17T12:51:31","date_gmt":"2015-11-17T11:51:31","guid":{"rendered":"http:\/\/2horizontes.com\/?p=32961"},"modified":"2015-11-17T12:51:31","modified_gmt":"2015-11-17T11:51:31","slug":"unos-2-000-cubanos-en-limbo-migratorio-en-frontera-costa-rica-nicaragua","status":"publish","type":"post","link":"https:\/\/2horizontes.com\/?p=32961","title":{"rendered":"Unos 2.000 cubanos en limbo migratorio en frontera Costa Rica-Nicaragua"},"content":{"rendered":"<div id=\"ArticleAuthorDiv\" class=\"article-body-author\"><b>AFP<\/b><\/div>\n<div id=\"ArticleSourceDiv\" class=\"article-body-author\"><b>PE\u2014AS BLANCAS, Costa Rica<\/b><\/div>\n<div id=\"ArticleBody\">\n<p>Unos 2.000 cubanos permanec\u00edan atrapados ayer en un limbo migratorio en la frontera entre Costa Rica y Nicaragua, luego de que Managua les negara el paso en su trayecto hacia Estados Unidos.<\/p>\n<p>Alrededor de la localidad fronteriza costarricense de Pe\u00f1as Blancas, los cubanos han improvisado sitios para descansar en parques, gimnasios y estacionamientos, en espera del permiso de Nicaragua para seguir su recorrido.<\/p>\n<p>\u00abUsted ve que por todos partes est\u00e1n los cubanos, en cualquier lugar que usted mire hay un cubano tirado en el piso\u00bb, cont\u00f3 este lunes a AFP Hiram Iser, un cubano de la provincia de Granma (oriente), de donde sali\u00f3 hace dos semanas en un vuelo a Quito, desde donde emprendi\u00f3 su viaje por tierra a Estados Unidos.<\/p>\n<p><strong>&#8211; Frontera militarizada &#8211;<\/strong><\/p>\n<p>Iser lament\u00f3 la agresi\u00f3n que sufrieron sus compatriotas cuando intentaron traspasar la frontera a Nicaragua, pero fueron repelidos violentamente por polic\u00edas y militares, quienes usaron balas de goma y gases lacrim\u00f3genos para devolverlos a Costa Rica.<\/p>\n<p>\u00abAqu\u00ed hay ni\u00f1os peque\u00f1os, mujeres embarazadas. Somos m\u00e1s de mil personas, ser\u00eda un crimen si nos obligan a devolvernos\u00bb, expres\u00f3 Iser, de 32 a\u00f1os.<\/p>\n<p>Cubanos en Miami se manifestaron este lunes contra el maltrato sufrido por sus compatriotas, mientras que el Centro Nicarag\u00fcense de Derechos Humanos conden\u00f3 la represi\u00f3n a los migrantes.<\/p>\n<p>La presencia de los cubanos desencaden\u00f3 un duro intercambio diplom\u00e1tico entre los dos pa\u00edses centroamericanos luego de que Managua les neg\u00f3 el paso el domingo, al acusar a Costa Rica de violar su soberan\u00eda al autorizar el paso de los isle\u00f1os.<\/p>\n<p>La embajadora nicarag\u00fcense ante la ONU, Mar\u00eda Rubiales, declar\u00f3 el lunes que la decisi\u00f3n de San Jos\u00e9 de permitir el paso de los cubanos viola la soberan\u00eda de Nicaragua.<\/p>\n<p>\u00abEstamos informando a la comunidad internacional de esta acci\u00f3n irresponsable y violatoria de nuestra soberan\u00eda por parte del gobierno de Costa Rica\u00bb, dijo Rubiales a medios oficiales nicarag\u00fcenses.<\/p>\n<p>El canciller costarricense, Manuel Gonz\u00e1lez, dijo que envi\u00f3 a Nicaragua una \u00aben\u00e9rgica protesta\u00bb por lanzar al ej\u00e9rcito contra los cubanos.<\/p>\n<p>\u00abHe remitido una nota de protesta esta ma\u00f1ana muy en\u00e9rgica al canciller nicarag\u00fcense, expres\u00e1ndole un rechazo absoluto no solo a la reacci\u00f3n desproporcionada de mandarle un ej\u00e9rcito a una poblaci\u00f3n civil, migrante, pac\u00edfica, sino especialmente por el tipo de acusaciones arbitrarias e infundadas que se han hecho en contra de Costa Rica\u00bb, declar\u00f3 Gonz\u00e1lez en conferencia de prensa.<\/p>\n<p>Defendi\u00f3 que la situaci\u00f3n de los cubanos sea discutida entre todos los pa\u00edses involucrados en su trayecto migratorio.<\/p>\n<p>Cerca de 1.000 cubanos se aglomeraron el pasado jueves en la frontera de Costa Rica con Panam\u00e1, y el n\u00famero subi\u00f3 a 1.700 el fin de semana, seg\u00fan la directora de Migraci\u00f3n costarricense, Kathya Rodr\u00edguez.<\/p>\n<p>Sumado a otros isle\u00f1os que se encontraban en Costa Rica, fueron cerca de 2.000 los migrantes que se trasladaron hacia la frontera con Nicaragua, luego de que San Jos\u00e9 les otorg\u00f3 una visa temporal de una semana para que pudieran continuar su trayecto hacia Estados Unidos.<\/p>\n<p><strong>&#8211; Flujo constante &#8211;<\/strong><\/p>\n<p>Los dos pa\u00edses centroamericanos mantienen una relaci\u00f3n tirante desde que en 2010 Costa Rica acus\u00f3 a Nicaragua de invadir el peque\u00f1o territorio lim\u00edtrofe de Isla Portillo, mientras Managua acus\u00f3 a San Jos\u00e9 de causar da\u00f1os ambientales en el fronterizo r\u00edo San Juan con la construcci\u00f3n de una carretera paralela al afluente.<\/p>\n<p>Esos casos motivaron denuncias ante la Corte Internacional de Justicia de La Haya.<\/p>\n<p>La directora de Migraci\u00f3n de Costa Rica dijo que los cubanos constituyen un \u00abflujo constante\u00bb que crece todos los d\u00edas en la frontera con Panam\u00e1.<\/p>\n<p>Precis\u00f3 que los migrantes de Cuba llegan en avi\u00f3n a Ecuador, donde no requieren visa para ingresar, y se trasladan por tierra a Colombia y en lancha hasta Panam\u00e1, donde contin\u00faan su recorrido por tierra hasta Estados Unidos.<\/p>\n<p>Washington mantiene la pol\u00edtica de dar residencia a los cubanos que ponen un pie en territorio estadounidense.<\/p>\n<p>En los meses recientes, tras la reanudaci\u00f3n de relaciones diplom\u00e1ticas entre Washington y La Habana, el paso de cubanos por Centroam\u00e9rica en ruta a Estados Unidos se multiplic\u00f3 ante el temor de perder los privilegios migratorios en ese pa\u00eds.<\/p>\n<p>Rodr\u00edguez lament\u00f3 que los cubanos fueron repelidos por las autoridades de Nicaragua, e insisti\u00f3 en la necesidad de un mantener un \u00abcorredor humanitario\u00bb para facilitar su paso.<\/p>\n<p>\u00abLo que corresponde hacer es un corredor humanitario para facilitar el paso de esas personas, que no pretenden quedarse en nuestros pa\u00edses, para que puedan llegar a su destino\u00bb, declar\u00f3 Rodr\u00edguez.<\/p>\n<\/div>\n","protected":false},"excerpt":{"rendered":"<p>AFP PE\u2014AS BLANCAS, Costa Rica Unos 2.000 cubanos permanec\u00edan atrapados ayer en un limbo migratorio en la frontera entre Costa Rica y Nicaragua, luego de que Managua les negara el paso en su trayecto hacia Estados Unidos. Alrededor de la localidad fronteriza costarricense de Pe\u00f1as Blancas, los cubanos han improvisado sitios para descansar en parques, [&hellip;]<\/p>\n","protected":false},"author":7,"featured_media":32962,"comment_status":"open","ping_status":"open","sticky":false,"template":"","format":"standard","meta":{"footnotes":""},"categories":[49,54,40],"tags":[],"class_list":["post-32961","post","type-post","status-publish","format-standard","has-post-thumbnail","hentry","category-cuba","category-emigrantes","category-internacionales"],"_links":{"self":[{"href":"https:\/\/2horizontes.com\/index.php?rest_route=\/wp\/v2\/posts\/32961","targetHints":{"allow":["GET"]}}],"collection":[{"href":"https:\/\/2horizontes.com\/index.php?rest_route=\/wp\/v2\/posts"}],"about":[{"href":"https:\/\/2horizontes.com\/index.php?rest_route=\/wp\/v2\/types\/post"}],"author":[{"embeddable":true,"href":"https:\/\/2horizontes.com\/index.php?rest_route=\/wp\/v2\/users\/7"}],"replies":[{"embeddable":true,"href":"https:\/\/2horizontes.com\/index.php?rest_route=%2Fwp%2Fv2%2Fcomments&post=32961"}],"version-history":[{"count":1,"href":"https:\/\/2horizontes.com\/index.php?rest_route=\/wp\/v2\/posts\/32961\/revisions"}],"predecessor-version":[{"id":32963,"href":"https:\/\/2horizontes.com\/index.php?rest_route=\/wp\/v2\/posts\/32961\/revisions\/32963"}],"wp:featuredmedia":[{"embeddable":true,"href":"https:\/\/2horizontes.com\/index.php?rest_route=\/wp\/v2\/media\/32962"}],"wp:attachment":[{"href":"https:\/\/2horizontes.com\/index.php?rest_route=%2Fwp%2Fv2%2Fmedia&parent=32961"}],"wp:term":[{"taxonomy":"category","embeddable":true,"href":"https:\/\/2horizontes.com\/index.php?rest_route=%2Fwp%2Fv2%2Fcategories&post=32961"},{"taxonomy":"post_tag","embeddable":true,"href":"https:\/\/2horizontes.com\/index.php?rest_route=%2Fwp%2Fv2%2Ftags&post=32961"}],"curies":[{"name":"wp","href":"https:\/\/api.w.org\/{rel}","templated":true}]}}