{"id":3292,"date":"2015-02-03T21:21:38","date_gmt":"2015-02-03T21:21:38","guid":{"rendered":"http:\/\/2horizontes.com\/?p=3292"},"modified":"2015-02-03T21:21:38","modified_gmt":"2015-02-03T21:21:38","slug":"el-paro-en-espana-seguira-por-encima-del-21-hasta-2019-segun-la-oit","status":"publish","type":"post","link":"https:\/\/2horizontes.com\/?p=3292","title":{"rendered":"El paro en Espa\u00f1a seguir\u00e1 por encima del 21% hasta 2019, seg\u00fan la OIT"},"content":{"rendered":"<p>El desempleo crecer\u00e1 en ocho millones de personas a nivel global en los pr\u00f3ximos cinco a\u00f1os, seg\u00fan un informe de la Organizaci\u00f3n Internacional del Trabajo<\/p>\n<p><a href=\"http:\/\/2horizontes.com\/wp-content\/uploads\/2015\/02\/ll.jpg\"><img loading=\"lazy\" decoding=\"async\" src=\"http:\/\/2horizontes.com\/wp-content\/uploads\/2015\/02\/ll-300x138.jpg\" alt=\"ll\" width=\"300\" height=\"138\" class=\"alignleft size-medium wp-image-3293\" srcset=\"https:\/\/2horizontes.com\/wp-content\/uploads\/2015\/02\/ll-300x138.jpg 300w, https:\/\/2horizontes.com\/wp-content\/uploads\/2015\/02\/ll-510x234.jpg 510w, https:\/\/2horizontes.com\/wp-content\/uploads\/2015\/02\/ll.jpg 560w\" sizes=\"auto, (max-width: 300px) 100vw, 300px\" \/><\/a><\/p>\n<p>La tasa de paro en Espa\u00f1a bajar\u00e1 de manera gradual durante los pr\u00f3ximos cinco a\u00f1os, pero continuar\u00e1 siendo una de las m\u00e1s elevadas entre las econom\u00edas desarrolladas durante la presenta d\u00e9cada, puesto que superar\u00e1 el 21% al menos hasta 2019, para cuando la Organizaci\u00f3n Internacional del Trabajo (OIT) prev\u00e9 que el desempleo alcance el 21,49%, frente al 23,6% estimado para 2015.<\/p>\n<p>En concreto, la instituci\u00f3n internacional pronostica que la tasa de desempleo en Espa\u00f1a bajar\u00e1 desde el 23,6% estimado para 2015 al 22,8% en 2016, situ\u00e1ndose en el 22,16% un a\u00f1o despu\u00e9s y en el 21,82% en 2017, mientras que en 2019 la tasa de paro en Espa\u00f1a ser\u00eda del 21,49%.<\/p>\n<p>De confirmarse las expectativas de la OIT, la econom\u00eda espa\u00f1ola cumplir\u00eda una d\u00e9cada completa con el desempleo por encima del 20%, puesto que en 2010 la tasa de paro en el pa\u00eds ya se situ\u00f3 en el 20,23%, frente al 8,4% registrado en 2007, a\u00f1o en el que comenzaron las dificultades en el sector hipotecario y financiero que desembocaron en una crisis global.<\/p>\n<p>Por otro lado, la OIT a\u00f1ade que los recortes salariales en pa\u00edses como Espa\u00f1a pueden haber contribuido a reducir los diferenciales en competitividad de costes en el seno de la zona euro, donde se aprecia una relativa convergencia de los costes laborales unitarios.<\/p>\n<p>\u00abSin embargo, esto no siempre se ha traducido en una mejor\u00eda de la competitividad externa y una recolocaci\u00f3n interna hacia los sectores m\u00e1s productivos\u00bb, indica la instituci\u00f3n.<\/p>\n<p>De hecho, la OIT se\u00f1ala que en Espa\u00f1a, donde las exportaciones se han recuperado, el crecimiento de las empresas se enfrenta a dificultades relacionadas con la debilidad de la demanda dom\u00e9stica, las restricciones en la concesi\u00f3n de cr\u00e9dito y la estricta regulaci\u00f3n de los mercados de productos.<\/p>\n<p>Rebajas salariales<\/p>\n<p>El Informe de la OIT dedica un ep\u00edgrafe a las devaluaciones salariales &#8211;reducir la protecci\u00f3n del empleo, debilitar la negociaci\u00f3n salarial y reducir los salarios m\u00ednimos para aumentar la competitividad&#8211; que emprendieron algunos pa\u00edses europeos como f\u00f3rmula para escapar de la crisis. Para explicar estas pol\u00edticas pone de ejemplo el proceso vivido en Espa\u00f1a durante este periodo.<\/p>\n<p>\u00abEn Espa\u00f1a los salarios reales se han contra\u00eddo en casi todos los sectores desde 2011. Solo se ha registrado un crecimiento salarial en las industrias extractivas y en el sector de la energ\u00eda y marginalmente en el sector de las artes y el entretenimiento\u00bb, se\u00f1ala el informe. Y continua: \u00abLa contracci\u00f3n de los salarios en Espa\u00f1a ha sido especialmente notable en el sector p\u00fablico: entre 2011 y 2013, los salarios reales disminuyeron un 4,2% en la sanidad, el 2,7% en educaci\u00f3n y 2,3% en el resto de la Administraci\u00f3n p\u00fablica\u00bb. Se\u00f1ala adem\u00e1s que otros sectores como \u00abel comercio mayorista y minorista, profesionales y actividades cient\u00edficas, y el transporte y almacenamiento\u00bb registraron rebajas salariales medias cercanas al 1,5% entre 2001 y 2013&#8243;.<\/p>\n<p>Ocho millones m\u00e1s de parados en el mundo<\/p>\n<p>A nivel global, la OIT advierte de que las perspectivas laborales en el mundo empeorar\u00e1n durante los pr\u00f3ximos cinco a\u00f1os, hasta el punto de que el paro aumentar\u00e1 en tres millones de personas en 2015 y en ocho millones entre 2016 y 2019, lo que situar\u00e1 el total de desempleados en el mundo en unos 212 millones en 2019, frente a los 201 millones que hab\u00eda en 2014.<\/p>\n<p>As\u00ed lo refleja la Organizaci\u00f3n Internacional del Trabajo (OIT) en su \u00faltimo informe sobre &#8216;Perspectivas Laborales y Sociales en el Mundo&#8217;, en el que advierte que recuperar los niveles de paro y subempleo anteriores a la crisis ser\u00e1 una \u00abardua tarea\u00bb.<\/p>\n<p>De hecho, el n\u00famero de parados actual (201 millones en 2014) supera en 31 millones la cifra registrada antes del estallido de la crisis global, que ha provocado la destrucci\u00f3n de 61 millones de empleos hasta 2014.<\/p>\n<p>La OIT calcula que, contando con las personas que se incorporar\u00e1n al mercado laboral durante los pr\u00f3ximos cinco a\u00f1os, se necesitar\u00e1n crear 280 millones de nuevos empleos hasta 2019 para suplir la brecha de empleo generada con la crisis.<\/p>\n<p>La organizaci\u00f3n avisa adem\u00e1s de que los j\u00f3venes contin\u00faan vi\u00e9ndose afectados por el paro \u00abde manera desproporcionada\u00bb. As\u00ed, en 2014, cerca de 74 millones de personas de entre 15 y 24 a\u00f1os buscaban trabajo, triplicando la tasa de paro juvenil la de los adultos.<\/p>\n","protected":false},"excerpt":{"rendered":"<p>El desempleo crecer\u00e1 en ocho millones de personas a nivel global en los pr\u00f3ximos cinco a\u00f1os, seg\u00fan un informe de la Organizaci\u00f3n Internacional del Trabajo La tasa de paro en Espa\u00f1a bajar\u00e1 de manera gradual durante los pr\u00f3ximos cinco a\u00f1os, pero continuar\u00e1 siendo una de las m\u00e1s elevadas entre las econom\u00edas desarrolladas durante la presenta [&hellip;]<\/p>\n","protected":false},"author":1,"featured_media":0,"comment_status":"open","ping_status":"open","sticky":false,"template":"","format":"standard","meta":{"footnotes":""},"categories":[1],"tags":[],"class_list":["post-3292","post","type-post","status-publish","format-standard","hentry","category-entretenimiento"],"_links":{"self":[{"href":"https:\/\/2horizontes.com\/index.php?rest_route=\/wp\/v2\/posts\/3292","targetHints":{"allow":["GET"]}}],"collection":[{"href":"https:\/\/2horizontes.com\/index.php?rest_route=\/wp\/v2\/posts"}],"about":[{"href":"https:\/\/2horizontes.com\/index.php?rest_route=\/wp\/v2\/types\/post"}],"author":[{"embeddable":true,"href":"https:\/\/2horizontes.com\/index.php?rest_route=\/wp\/v2\/users\/1"}],"replies":[{"embeddable":true,"href":"https:\/\/2horizontes.com\/index.php?rest_route=%2Fwp%2Fv2%2Fcomments&post=3292"}],"version-history":[{"count":1,"href":"https:\/\/2horizontes.com\/index.php?rest_route=\/wp\/v2\/posts\/3292\/revisions"}],"predecessor-version":[{"id":3294,"href":"https:\/\/2horizontes.com\/index.php?rest_route=\/wp\/v2\/posts\/3292\/revisions\/3294"}],"wp:attachment":[{"href":"https:\/\/2horizontes.com\/index.php?rest_route=%2Fwp%2Fv2%2Fmedia&parent=3292"}],"wp:term":[{"taxonomy":"category","embeddable":true,"href":"https:\/\/2horizontes.com\/index.php?rest_route=%2Fwp%2Fv2%2Fcategories&post=3292"},{"taxonomy":"post_tag","embeddable":true,"href":"https:\/\/2horizontes.com\/index.php?rest_route=%2Fwp%2Fv2%2Ftags&post=3292"}],"curies":[{"name":"wp","href":"https:\/\/api.w.org\/{rel}","templated":true}]}}