{"id":32912,"date":"2015-11-16T21:43:19","date_gmt":"2015-11-16T20:43:19","guid":{"rendered":"http:\/\/2horizontes.com\/?p=32912"},"modified":"2015-11-16T21:43:19","modified_gmt":"2015-11-16T20:43:19","slug":"danilo-medina-viajara-a-paris-para-asistir-a-cumbre-sobre-el-clima","status":"publish","type":"post","link":"https:\/\/2horizontes.com\/?p=32912","title":{"rendered":"Danilo Medina viajar\u00e1 a Par\u00eds para asistir a cumbre sobre el clima"},"content":{"rendered":"<p class=\"DETALLE_N_titulo \"><span id=\"ctl14_lblMostra\">RD-SANTO DOMINGO (EFE).- El presidente Danilo Medina, asistir\u00e1 a la Cumbre del Clima de Par\u00eds (COP21), que se celebrar\u00e1 del 30 de noviembre al 11 de diciembre, inform\u00f3 hoy el canciller Andr\u00e9s Navarro.<\/span><\/p>\n<p>El jefe de la diplomacia dominicana salud\u00f3 el hecho de que Francia y la Organizaci\u00f3n de las Naciones Unidas (ONU) hayan confirmado a Par\u00eds como sede de la reuni\u00f3n, a pesar de los atentados terroristas sucedidos en esa ciudad el pasado vienes y que han dejado 129 muertos y unos 350 heridos.<\/p>\n<p>Al abrir un libro de condolencias en la embajada de Francia en Santo Domingo por las v\u00edctimas, Navarro subray\u00f3 que ante el peligro que supone el terrorismo \u201cla humanidad no puede arrodillarse\u201d.<\/p>\n<p>\u201cTenemos que seguir con nuestra agenda de desarrollo\u201d, apostill\u00f3 Navarro en sus declaraciones.<\/p>\n","protected":false},"excerpt":{"rendered":"<p>RD-SANTO DOMINGO (EFE).- El presidente Danilo Medina, asistir\u00e1 a la Cumbre del Clima de Par\u00eds (COP21), que se celebrar\u00e1 del 30 de noviembre al 11 de diciembre, inform\u00f3 hoy el canciller Andr\u00e9s Navarro. El jefe de la diplomacia dominicana salud\u00f3 el hecho de que Francia y la Organizaci\u00f3n de las Naciones Unidas (ONU) hayan confirmado [&hellip;]<\/p>\n","protected":false},"author":8,"featured_media":32913,"comment_status":"open","ping_status":"open","sticky":false,"template":"","format":"standard","meta":{"footnotes":""},"categories":[40,43,44],"tags":[],"class_list":["post-32912","post","type-post","status-publish","format-standard","has-post-thumbnail","hentry","category-internacionales","category-politica","category-republica-dominicana"],"_links":{"self":[{"href":"https:\/\/2horizontes.com\/index.php?rest_route=\/wp\/v2\/posts\/32912","targetHints":{"allow":["GET"]}}],"collection":[{"href":"https:\/\/2horizontes.com\/index.php?rest_route=\/wp\/v2\/posts"}],"about":[{"href":"https:\/\/2horizontes.com\/index.php?rest_route=\/wp\/v2\/types\/post"}],"author":[{"embeddable":true,"href":"https:\/\/2horizontes.com\/index.php?rest_route=\/wp\/v2\/users\/8"}],"replies":[{"embeddable":true,"href":"https:\/\/2horizontes.com\/index.php?rest_route=%2Fwp%2Fv2%2Fcomments&post=32912"}],"version-history":[{"count":1,"href":"https:\/\/2horizontes.com\/index.php?rest_route=\/wp\/v2\/posts\/32912\/revisions"}],"predecessor-version":[{"id":32914,"href":"https:\/\/2horizontes.com\/index.php?rest_route=\/wp\/v2\/posts\/32912\/revisions\/32914"}],"wp:featuredmedia":[{"embeddable":true,"href":"https:\/\/2horizontes.com\/index.php?rest_route=\/wp\/v2\/media\/32913"}],"wp:attachment":[{"href":"https:\/\/2horizontes.com\/index.php?rest_route=%2Fwp%2Fv2%2Fmedia&parent=32912"}],"wp:term":[{"taxonomy":"category","embeddable":true,"href":"https:\/\/2horizontes.com\/index.php?rest_route=%2Fwp%2Fv2%2Fcategories&post=32912"},{"taxonomy":"post_tag","embeddable":true,"href":"https:\/\/2horizontes.com\/index.php?rest_route=%2Fwp%2Fv2%2Ftags&post=32912"}],"curies":[{"name":"wp","href":"https:\/\/api.w.org\/{rel}","templated":true}]}}