{"id":32850,"date":"2015-11-16T19:04:50","date_gmt":"2015-11-16T18:04:50","guid":{"rendered":"http:\/\/2horizontes.com\/?p=32850"},"modified":"2015-11-16T19:04:50","modified_gmt":"2015-11-16T18:04:50","slug":"identifican-a-otros-dos-terroristas-y-siguen-pesquisas-en-belgica-y-francia","status":"publish","type":"post","link":"https:\/\/2horizontes.com\/?p=32850","title":{"rendered":"Identifican a otros dos terroristas y siguen pesquisas en B\u00e9lgica y Francia"},"content":{"rendered":"<div id=\"article_zone\">\n<div id=\"ArticleAuthorDiv\" class=\"article-body-author\"><b>EFE<\/b><\/div>\n<div id=\"ArticleSourceDiv\" class=\"article-body-author\"><b>Redacci\u00f3n Internacional<\/b><\/div>\n<div id=\"ArticleBody\">\n<p>Cinco de los siete yihadistas suicidas que participaron en los atentados de Par\u00eds del pasado viernes han sido identificados, mientras contin\u00faan las operaciones policiales en Bruselas y distintas ciudades en Francia.<\/p>\n<p>La fiscal\u00eda francesa ha identificado a uno de los terroristas que actu\u00f3 en el Estadio de Francia y que llevaba un pasaporte sirio a nombre de Ahmad Al Mohammad, nacido en la ciudad siria de Idleb el 10 de septiembre de 1990.<\/p>\n<p>La Fiscal\u00eda puntualiz\u00f3 en un comunicado que est\u00e1 pendiente de verificar la autenticidad de ese pasaporte, pero que las huellas tomadas a Al Mohammad corresponden con las de una persona que fue objeto de un control de identidad en Grecia a comienzos de octubre.<\/p>\n<p>El segundo es uno de los asaltantes de la sala de conciertos Bataclan, Samy Amimour, nacido el 15 de octubre de 1987 en Par\u00eds, y por el que Francia hab\u00eda emitido una orden de arresto internacional por terrorismo.<\/p>\n<p>Samy Amimour ten\u00eda nacionalidad francesa, como los otros tres terroristas suicidas -de los siete que activaron sus chalecos de explosivos en los atentados del viernes- que ya hab\u00edan sido identificados hasta ayer.<\/p>\n<p>Mientras tanto, la b\u00fasqueda de otros sospechosos supuestamente vinculados con los atentados de Par\u00eds, sobre todo de Salah Abdeslam, quien alquil\u00f3 el Volkswagen Polo con el que los asaltantes de la Bataclan llegaron a la sala de conciertos, contin\u00faa en B\u00e9lgica.<\/p>\n<p>La polic\u00eda federal de B\u00e9lgica arrest\u00f3 hoy a una persona en una nueva operaci\u00f3n en el distrito bruselense de Molenbeek, de fuerte presencia musulmana, seg\u00fan inform\u00f3 la cadena \u00abRTBF\u00bb.<\/p>\n<p>Varias informaciones apuntaron en un primer momento a que podr\u00eda tratarse de Salah Abdeslam, pero la fiscal\u00eda ha desmentido esta informaci\u00f3n y ha indicado que las pesquisas contin\u00faan.<\/p>\n<p>El s\u00e1bado por la ma\u00f1ana, horas despu\u00e9s de la cadena de atentados, que produjeron la muerte de 129 personas y mas de 400 heridos, Abdeslam fue sometido a un control por gendarmes franceses junto a la frontera belga en otro coche en el que viajaba con dos individuos.<\/p>\n<p>Los agentes, tras verificar las identidades de todos, los dejaron marchar.<\/p>\n<p>Seg\u00fan medios belgas, los servicios de seguridad de este pa\u00eds sospechan de que el marroqu\u00ed de 28 a\u00f1os Abdelhamid Abaaoud, quien residi\u00f3 en Molenbeek y est\u00e1 desaparecido desde que en enero se desmantel\u00f3 una c\u00e9lula terrorista de la que era cabecilla, podr\u00eda ser el autor intelectual de los atentados de Par\u00eds.<\/p>\n<p>Estos medios afirman que Abaaoud planific\u00f3 la matanza desde Siria, desde donde estuvo en contacto directo con los terroristas suicidas, informaron hoy los medios belgas.<\/p>\n<p>Tambi\u00e9n en Francia se han intensificado los registros, al amparo del estado de emergencia declarado el viernes despu\u00e9s de los atentados.<\/p>\n<p>Un total de 23 personas han sido detenidas en las redadas que las fuerzas de seguridad francesas han realizado en las \u00faltimas horas, en las que han sido incautadas 31 armas, 4 de ellas \u00abde guerra\u00bb, inform\u00f3 el ministro del Interior, Bernard Cazeneuve.<\/p>\n<p>Desde el pasado viernes, se han decretado 104 arrestos domiciliarios y 168 registros que \u00abpermiten acelerar las investigaciones sobre los objetivos radicalizados y alimentar las informaciones que se poseen\u00bb.<\/p>\n<p>Cazeneuve, que no precis\u00f3 si los registros y arrestos ten\u00edan que ver con los atentados, afirm\u00f3 que hay \u00abv\u00ednculos\u00bb entre las bandas de delincuentes y los grupos terroristas.<\/p>\n<p>El silencio inund\u00f3 hoy las calles de Francia al mediod\u00eda (11.00 GMT), el momento marcado por el Gobierno para recordar a las v\u00edctimas de los atentados del pasado viernes.<\/p>\n<p>El presidente franc\u00e9s, Fran\u00e7ois Hollande, se traslad\u00f3 hasta la Universidad de La Sorbona acompa\u00f1ado de su primer ministro, Manuel Valls, para seguir el minuto de silencio entre j\u00f3venes, los m\u00e1s golpeados por los terroristas.<\/p>\n<p>Las instituciones europeas, la OTAN, los l\u00edderes europeos asistentes al G20, la Comisi\u00f3n Europea, el Parlamento Europeo y en todas las capitales europeas se ha guardaron hoy a mediod\u00eda un minuto de silencio.<\/p>\n<p>La jefa de la diplomacia de la Uni\u00f3n Europea (UE), Federica Mogherini, dijo que los atentados de Par\u00eds son \u00abun ataque a la civilizaci\u00f3n\u00bb que exige una respuesta \u00abefectiva\u00bb de la comunidad internacional.<\/p>\n<p>El ministro espa\u00f1ol de Asuntos Exteriores y Cooperaci\u00f3n, Jos\u00e9 Manuel Garc\u00eda-Margallo, opin\u00f3 hoy que los atentados terroristas recientes son \u00abprobablemente la barbarie m\u00e1s seria que la humanidad haya visto desde la II Guerra Mundial\u00bb.<\/p>\n<\/div>\n<div><\/div>\n<div class=\"impresion\" align=\"center\"><\/div>\n<\/div>\n<div>\n<div id=\"outbrain_widget_0\" class=\"OUTBRAIN\">\n<div class=\"ob_strip_container AR_1\"><span class=\"ob_empty\"><\/span><\/div>\n<\/div>\n<\/div>\n","protected":false},"excerpt":{"rendered":"<p>EFE Redacci\u00f3n Internacional Cinco de los siete yihadistas suicidas que participaron en los atentados de Par\u00eds del pasado viernes han sido identificados, mientras contin\u00faan las operaciones policiales en Bruselas y distintas ciudades en Francia. La fiscal\u00eda francesa ha identificado a uno de los terroristas que actu\u00f3 en el Estadio de Francia y que llevaba un [&hellip;]<\/p>\n","protected":false},"author":8,"featured_media":32852,"comment_status":"open","ping_status":"open","sticky":false,"template":"","format":"standard","meta":{"footnotes":""},"categories":[40],"tags":[],"class_list":["post-32850","post","type-post","status-publish","format-standard","has-post-thumbnail","hentry","category-internacionales"],"_links":{"self":[{"href":"https:\/\/2horizontes.com\/index.php?rest_route=\/wp\/v2\/posts\/32850","targetHints":{"allow":["GET"]}}],"collection":[{"href":"https:\/\/2horizontes.com\/index.php?rest_route=\/wp\/v2\/posts"}],"about":[{"href":"https:\/\/2horizontes.com\/index.php?rest_route=\/wp\/v2\/types\/post"}],"author":[{"embeddable":true,"href":"https:\/\/2horizontes.com\/index.php?rest_route=\/wp\/v2\/users\/8"}],"replies":[{"embeddable":true,"href":"https:\/\/2horizontes.com\/index.php?rest_route=%2Fwp%2Fv2%2Fcomments&post=32850"}],"version-history":[{"count":1,"href":"https:\/\/2horizontes.com\/index.php?rest_route=\/wp\/v2\/posts\/32850\/revisions"}],"predecessor-version":[{"id":32853,"href":"https:\/\/2horizontes.com\/index.php?rest_route=\/wp\/v2\/posts\/32850\/revisions\/32853"}],"wp:featuredmedia":[{"embeddable":true,"href":"https:\/\/2horizontes.com\/index.php?rest_route=\/wp\/v2\/media\/32852"}],"wp:attachment":[{"href":"https:\/\/2horizontes.com\/index.php?rest_route=%2Fwp%2Fv2%2Fmedia&parent=32850"}],"wp:term":[{"taxonomy":"category","embeddable":true,"href":"https:\/\/2horizontes.com\/index.php?rest_route=%2Fwp%2Fv2%2Fcategories&post=32850"},{"taxonomy":"post_tag","embeddable":true,"href":"https:\/\/2horizontes.com\/index.php?rest_route=%2Fwp%2Fv2%2Ftags&post=32850"}],"curies":[{"name":"wp","href":"https:\/\/api.w.org\/{rel}","templated":true}]}}