{"id":32846,"date":"2015-11-16T18:13:45","date_gmt":"2015-11-16T17:13:45","guid":{"rendered":"http:\/\/2horizontes.com\/?p=32846"},"modified":"2015-11-16T18:14:04","modified_gmt":"2015-11-16T17:14:04","slug":"fotos-de-algunas-victimas-de-los-ataques-de-estado-islamico-en-paris","status":"publish","type":"post","link":"https:\/\/2horizontes.com\/?p=32846","title":{"rendered":"Fotos de algunas  v\u00edctimas de los ataques de Estado Isl\u00e1mico en Par\u00eds?"},"content":{"rendered":"<figure class=\"media-landscape has-caption full-width lead\"><span class=\"image-and-copyright-container\"><img loading=\"lazy\" decoding=\"async\" class=\"js-image-replace\" src=\"http:\/\/ichef.bbci.co.uk\/news\/ws\/660\/amz\/worldservice\/live\/assets\/images\/2015\/11\/14\/151114202909_nick_alexander_624x351_pa_nocredit.jpg\" alt=\"Nick Alexander\" width=\"624\" height=\"351\" \/><span class=\"off-screen\">Image copyright<\/span><span class=\"story-image-copyright\">PA<\/span><\/span><figcaption class=\"media-caption\"><span class=\"off-screen\">Image caption<\/span><span class=\"media-caption__text\">Nick Alexander vend\u00eda mercanc\u00eda de la banda de rock en Le Bataclan cuando muri\u00f3.<\/span><\/figcaption><\/figure>\n<p class=\"story-body__introduction\">Un d\u00eda despu\u00e9s de los ataques en Par\u00eds que dejaron hasta el momento 133 muertos, han empezado a confirmarse los nombres de los fallecidos que han sido identificados, entre los que hay personas de varias nacionalidades.<\/p>\n<p>Seg\u00fan el \u00faltima balance oficial, <strong>103 han sido ya identificados<\/strong>.<\/p>\n<p>Vean toda nuestra cobertura sobre los ataques de Par\u00eds aqu\u00ed.<\/p>\n<p>Entre las v\u00edctimas se encuentra la <strong>chilena Patricia San Mart\u00edn<\/strong>, de 61 a\u00f1os, quien muri\u00f3 en el teatro Le Bataclan, donde ocurri\u00f3 el ataque m\u00e1s sangriento del viernes.<\/p>\n<p>Una persona cercana a la familia de la mujer le dijo a BBC Mundo que San Mart\u00edn, quien estaba emparentada con el embajador chileno en M\u00e9xico,<strong> se encontraba en compa\u00f1\u00eda de su hija Elsa DelPlace, de 34 a\u00f1os y nacionalidad francesa, quien tambi\u00e9n muri\u00f3 en el ataque<\/strong>.<\/p>\n<figure class=\"media-landscape has-caption full-width\"><span class=\"image-and-copyright-container\"><img loading=\"lazy\" decoding=\"async\" class=\"js-image-replace\" src=\"http:\/\/ichef-1.bbci.co.uk\/news\/ws\/624\/amz\/worldservice\/live\/assets\/images\/2015\/11\/16\/151116151924_paris_ataques_estado_islamico_victimas_624x351_facebook_nocredit.jpg\" alt=\"\" width=\"624\" height=\"351\" \/><\/span><figcaption class=\"media-caption\"><span class=\"media-caption__text\">Luis Felipe Zschoche Valle, de 35 a\u00f1os, tambi\u00e9n falleci\u00f3 en el ataque en Le Bataclan.<\/span><\/figcaption><\/figure>\n<p>Las <strong>autoridades chilenas informaron que otro de sus nacionales -Luis Felipe Zschoche Valle, de 35 a\u00f1os- tambi\u00e9n falleci\u00f3<\/strong> en el ataque en Le Bataclan, a donde acudi\u00f3 con su esposa francesa, de la que no se tiene informaci\u00f3n.<\/p>\n<p>Lea tambi\u00e9n: Francia: Qu\u00e9 se sabe sobre los autores de los ataques de Estado Isl\u00e1mico en Par\u00eds<\/p>\n<p>Mientras, el presidente de M\u00e9xico, Enrique Pe\u00f1a Nieto, confirm\u00f3 a trav\u00e9s de su cuenta de Twitter<strong> la muerte de dos ciudadanas de ese pa\u00eds.<\/strong><\/p>\n<h2 class=\"story-body__crosshead\"><\/h2>\n<figure class=\"media-landscape has-caption full-width\"><span class=\"image-and-copyright-container\"><img loading=\"lazy\" decoding=\"async\" class=\"js-image-replace\" src=\"http:\/\/ichef-1.bbci.co.uk\/news\/ws\/624\/amz\/worldservice\/live\/assets\/images\/2015\/11\/16\/151116014044_nohemi_gonzalez_624x351_reuters.jpg\" alt=\"V\u00edctimas ataques\" width=\"624\" height=\"351\" \/><\/span>Nohem\u00ed Gonz\u00e1lez encontraba en Par\u00eds para estudiar en el Escuela de Dise\u00f1o Strate.<\/figure>\n<p>\u00abLamento profundamente el <strong>fallecimiento de dos mexicanas<\/strong>, a consecuencia de los ataques perpetrados ayer en Par\u00eds\u00bb, escribi\u00f3 el mandatario.<\/p>\n<p>Una de las mujeres ten\u00eda tambi\u00e9n la nacionalidad espa\u00f1ola y la otra la estadounidense.<\/p>\n<p>Lea tambi\u00e9n: As\u00ed fueron los ataques de Estado Isl\u00e1mico que estremecieron a Par\u00eds un viernes 13<\/p>\n<p><strong>Esta \u00faltima es Nohem\u00ed Gonz\u00e1lez, una joven de 23 a\u00f1os<\/strong>, proveniente de El Monte, California.<\/p>\n<p>Se encontraba en Par\u00eds para estudiar en el Escuela de Dise\u00f1o Strate, en un programa de intercambio.<\/p>\n<p>El presidente de la Universidad Estatal de California, en Long Beach, Jane Cerrar Conoley, dijo que sus \u00abpensamientos y oraciones est\u00e1n con su familia y amigos en este triste momento\u00bb.<\/p>\n<p>Lea tambi\u00e9n: \u00abEl terrorismo no tiene religi\u00f3n\u00bb: la ira de los musulmanes que rechazan los ataques de Estado Isl\u00e1mico en Par\u00eds<\/p>\n<figure class=\"media-landscape has-caption full-width\"><span class=\"image-and-copyright-container\"><img loading=\"lazy\" decoding=\"async\" class=\"js-image-replace\" src=\"http:\/\/ichef-1.bbci.co.uk\/news\/ws\/624\/amz\/worldservice\/live\/assets\/images\/2015\/11\/14\/151114160429_paris_624x351_getty_nocredit.jpg\" alt=\"Je suis Paris\" width=\"624\" height=\"351\" \/><span class=\"off-screen\">Image copyright<\/span><span class=\"story-image-copyright\">Getty<\/span><\/span><figcaption class=\"media-caption\"><span class=\"off-screen\">Image caption<\/span><span class=\"media-caption__text\">Las manifestaciones de apoyo le han dado la vuelta al mundo.<\/span><\/figcaption><\/figure>\n<p>Seg\u00fan el diario El Universal la otra mexicana fallecida es Michelle Gil Jaimes, proveniente del estado de Veracruz y residente en Par\u00eds.<\/p>\n<p>El gobierno espa\u00f1ol confirm\u00f3 que <strong>Alberto Gonz\u00e1lez Garrido<\/strong>, de 29 a\u00f1os, muri\u00f3 durante la toma de Le Bataclan.<\/p>\n<figure class=\"media-landscape has-caption full-width\"><span class=\"image-and-copyright-container\"><img loading=\"lazy\" decoding=\"async\" class=\"js-image-replace\" src=\"http:\/\/ichef-1.bbci.co.uk\/news\/ws\/624\/amz\/worldservice\/live\/assets\/images\/2015\/11\/16\/151116152053_paris_ataques_estado_islamico_victimas_549x549_facebook_nocredit.jpg\" alt=\"\" width=\"549\" height=\"549\" \/><span class=\"off-screen\">Image\u00a0<\/span><\/span>El espa\u00f1ol Alberto Gonz\u00e1lez Garrido, de 29 a\u00f1os, muri\u00f3 durante la toma de Le Bataclan.<\/figure>\n<h2 class=\"story-body__crosshead\">Un brit\u00e1nico<\/h2>\n<p><strong>El brit\u00e1nico Nick Alexander<\/strong> tambi\u00e9n muri\u00f3 en Le Bataclan, seg\u00fan informaron el Ministerio de Asuntos Exteriores de Reino Unido y su familia.<\/p>\n<figure class=\"media-landscape no-caption full-width\"><span class=\"image-and-copyright-container\"><img loading=\"lazy\" decoding=\"async\" class=\"js-image-replace\" src=\"http:\/\/ichef.bbci.co.uk\/news\/ws\/624\/amz\/worldservice\/live\/assets\/images\/2015\/11\/16\/151116151826_paris_ataques_estado_islamico_victimas_549x549_facebook_nocredit.jpg\" alt=\"\" width=\"549\" height=\"549\" \/><\/span><\/figure>\n<p>Nick se encontraba vendiendo mercanc\u00eda de la banda de rock Eagles of Death Metal, que estaba dando un concierto en el lugar.<\/p>\n<p>En un comunicado, su familia dijo: \u00abNick no era s\u00f3lo nuestro hermano, hijo y t\u00edo, sino que era el mejor amigo de todo el mundo. Era generoso, divertido y muy leal\u00bb.<\/p>\n<figure class=\"media-landscape has-caption full-width\"><span class=\"image-and-copyright-container\"><img loading=\"lazy\" decoding=\"async\" class=\"js-image-replace\" src=\"http:\/\/ichef.bbci.co.uk\/news\/ws\/624\/amz\/worldservice\/live\/assets\/images\/2015\/11\/14\/151114234328_paris_attacks_624x351_getty_nocredit.jpg\" alt=\"Ataques par\u00eds\" width=\"624\" height=\"351\" \/>Se ha confirmado la muerte de al menos cuatro latinoamericanos.<\/span><\/figure>\n<p>\u00abMuri\u00f3 haciendo el trabajo que amaba y nos consuela saber lo mucho que lo amaban sus amigos en todo el mundo\u00bb.<\/p>\n<p>Lea tambi\u00e9n: \u00abCa\u00edan como piezas de domin\u00f3\u00bb: horror en la sala Le Bataclan de Par\u00eds donde murieron 80 personas<\/p>\n<h2 class=\"story-body__crosshead\">V\u00edctimas francesas<\/h2>\n<p>Una de las primeras v\u00edctimas francesas en ser identificadas fue <strong>Djamila Houd, de 41 a\u00f1os<\/strong>.<\/p>\n<p>Era originaria de la ciudad de Dreux, a 80 km al oeste de Par\u00eds.<\/p>\n<p>El peri\u00f3dico local<i> L&#8217;Echo R\u00e9publicain<\/i> dijo que aunque viv\u00eda en otro lugar, regresaba a Dreux con frecuencia.<\/p>\n<p>\u00abCon su muerte, toda una generaci\u00f3n de Dreux ha quedado herida. Todas las madres de familia comparten el dolor de la madre de Djamila\u00bb, dice el medio.<\/p>\n<p><strong>El futbolista franc\u00e9s Lassana Diarra revel\u00f3 en Twitter que perdi\u00f3 a su prima, Asta Diakite, en uno de los tiroteos.<\/strong> Seg\u00fan dijo el deportista, Asta era como una \u00abhermana mayor\u00bb para \u00e9l.<\/p>\n<figure class=\"media-landscape has-caption full-width\"><span class=\"image-and-copyright-container\"><img loading=\"lazy\" decoding=\"async\" class=\"js-image-replace\" src=\"http:\/\/ichef.bbci.co.uk\/news\/ws\/624\/amz\/worldservice\/live\/assets\/images\/2015\/11\/14\/151114225945_france_lassana_diarra_624x351_getty_nocredit.jpg\" alt=\"Lassana Diarra\" width=\"624\" height=\"351\" \/>El futbolista de la selecci\u00f3n francesa jugaba en el Estadio de Francia mientras su prima mor\u00eda en uno de los ataques en Par\u00eds.<\/span><\/figure>\n<p>Diarra estaba jugando en el partido de f\u00fatbol contra Alemania en el Stade de France el viernes por la noche, escenario de varios ataques.<\/p>\n<p><strong>Dos periodistas<\/strong>, Guillaume B. Decheft, de la revista de rock <i>Les Inrocks<\/i>, y Mathieu Hoche, reportero del canal France 24 TV, murieron en Le Bataclan.<\/p>\n<p>El presidente de Universal Music France, Pascal Negre, nombr\u00f3 en Twitter a dos empleados que hab\u00edan fallecido en el ataque, pero sin dar apellidos: Marie y Manu.<\/p>\n<p>Marie era <strong>Marie Mosser<\/strong> y trabajaba en marketing digital.<\/p>\n<figure class=\"media-landscape has-caption full-width\"><span class=\"image-and-copyright-container\"><img loading=\"lazy\" decoding=\"async\" class=\"js-image-replace\" src=\"http:\/\/ichef.bbci.co.uk\/news\/ws\/624\/amz\/worldservice\/live\/assets\/images\/2015\/11\/16\/151116152616_paris_ataques_estado_islamico_victimas_549x549_facebook_nocredit.jpg\" alt=\"\" width=\"549\" height=\"549\" \/><\/span><\/figure>\n<figure class=\"media-landscape has-caption full-width\">Marie Mosser trabajaba en marketing digital.<\/figure>\n<p>En la sala de conciertos tambi\u00e9n falleci\u00f3 <strong>un hombre conocido bajo el apodo de \u00abDado\u00bb, de 44 a\u00f1os y proveniente de Ceyrat<\/strong>, seg\u00fan inform\u00f3 el canal France 3.<\/p>\n<p>Tambi\u00e9n muri\u00f3 en Le Bataclan <strong>Cedric Mauduit, un funcionario de Normand\u00eda<\/strong>que estaba en el el teatro con cinco amigos.<\/p>\n<p>Entre los franceses fallecidos en la sala de conciertos tambi\u00e9n se encuentran<strong>Quentin Boulanger, de 29 a\u00f1os<\/strong> y originario de Rheims; <strong>Lola Salines<\/strong>, cuya muerte fue confirmada en Twitter por su padre, y <strong>Elodie Breuil, de 23 a\u00f1os<\/strong>.<\/p>\n<figure class=\"media-landscape has-caption full-width\"><span class=\"image-and-copyright-container\"><img loading=\"lazy\" decoding=\"async\" class=\"js-image-replace\" src=\"http:\/\/ichef-1.bbci.co.uk\/news\/ws\/624\/amz\/worldservice\/live\/assets\/images\/2015\/11\/16\/151116152453_paris_ataques_estado_islamico_victimas_549x549_facebook_nocredit.jpg\" alt=\"\" width=\"549\" height=\"549\" \/><\/span><\/figure>\n<figure class=\"media-landscape has-caption full-width\">Elodie Breuil ten\u00eda de 23 a\u00f1os.<\/figure>\n<p><strong>Hugo Sarrade<\/strong>,<strong> de 23<\/strong>, tambi\u00e9n muri\u00f3 en Le Bataclan.<\/p>\n<p>Estudiaba en la Universidad de Montpellier, una ciudad del sur de Francia, y fue a Par\u00eds con su padre, a pasar el fin de semana.<\/p>\n<p>\u00abHugo tocaba la guitarra y le gustaba el rock. Era adorable y amable, y muy abierto para con otras culturas y otras formas de vida\u00bb, dijo de \u00e9l su padre, Stephane Sarrade.<\/p>\n<p><strong>Marie Lausch<\/strong> ten\u00eda la misma edad que Sarrade y tambi\u00e9n falleci\u00f3 en Le Bataclan, junto a su novio <strong>Mathias Dymarski, de 22<\/strong>.<\/p>\n<p>Sus amigos los recordaron con una vigilia en Metz, una ciudad del occidente del pa\u00eds.<\/p>\n<figure class=\"media-landscape has-caption full-width\"><span class=\"image-and-copyright-container\"><img loading=\"lazy\" decoding=\"async\" class=\"js-image-replace\" src=\"http:\/\/ichef.bbci.co.uk\/news\/ws\/624\/amz\/worldservice\/live\/assets\/images\/2015\/11\/16\/151116152344_paris_ataques_estado_islamico_victimas_549x549_facebook_nocredit.jpg\" alt=\"\" width=\"549\" height=\"549\" \/><\/span><\/figure>\n<figure class=\"media-landscape has-caption full-width\">Aurelie de Peretti, de 33, era de Saint Tropez.<\/figure>\n<p><strong>Aurelie de Peretti<\/strong>, de 33, era de Saint Tropez, una ciudad de la Costa Azul, y tambi\u00e9n muri\u00f3 en Le Bataclan, inform\u00f3 la revista brit\u00e1nica <i>Time<\/i>.<\/p>\n<p>\u00abNo lo puedo creer. Acabo de perder una parte de m\u00ed\u00bb, dijo al medio su hermana Delphine de Peretti.<\/p>\n<h2 class=\"story-body__crosshead\">Otras v\u00edctima de Le Bataclan<\/h2>\n<figure class=\"media-landscape has-caption body-narrow-width\"><span class=\"image-and-copyright-container\"><img loading=\"lazy\" decoding=\"async\" class=\"js-image-replace\" src=\"http:\/\/ichef-1.bbci.co.uk\/news\/ws\/304\/amz\/worldservice\/live\/assets\/images\/2015\/11\/14\/151114230113_valentin_ribet_304x171_pa_nocredit.jpg\" alt=\"Valentin Ribet\" width=\"304\" height=\"171\" \/><\/span><figcaption class=\"media-caption\"><span class=\"media-caption__text\">Le Bataclan tiene capacidad para 1.500 personas. All\u00ed murieron al menos 80 personas despu\u00e9s de la toma de rehenes y la operaci\u00f3n de rescate ordenada por el gobierno franc\u00e9s.<\/span><\/figcaption><\/figure>\n<p>En Le Bataclan murieron al menos 80 personas, despu\u00e9s de que al menos tres atacantes tomaran en su poder decenas de rehenes y de que las fuerzas francesas entraran al lugar.<\/p>\n<p>Originario del norte de Francia, <strong>Thomas Ayad, de 34 a\u00f1os<\/strong>, trabajaba para el sello musical Mercury Records. Estaba en el concierto con dos colegas que tambi\u00e9n murieron.<\/p>\n<p>En un tuit, el presidente de Universal Music en Francia, Pascal Negre, se refiri\u00f3 a ellos como Marie y Manu, pero no dio m\u00e1s detalles.<\/p>\n<p>La universidad London School of Economics (LSE) inform\u00f3 la muerte del exalumno<strong>Valentin Ribet,<\/strong> egresado de la maestr\u00eda de leyes en 2014.<\/p>\n<p>Seg\u00fan su perfil de la red social profesional LinkedIn, estaba asociado al derecho penal en el bufete de abogados Hogan Lovells.<\/p>\n<h2 class=\"story-body__crosshead\">Otros ciudadanos extranjeros<\/h2>\n<p>De acuerdo al Ministerio de Exteriores de <strong>B\u00e9lgica, al menos tres de sus connacionales<\/strong> fallecieron en los ataques. Y la prensa belga dio nombres: <strong>Elif Dogan<\/strong>, de 26 a\u00f1os, y <strong>Milko Jozic<\/strong>, de 47. El nombre de una tercera v\u00edctima no ha trascendido, pero s\u00ed su edad: 28.<span class=\"image-and-copyright-container\"><img loading=\"lazy\" decoding=\"async\" class=\"js-image-replace\" src=\"http:\/\/ichef.bbci.co.uk\/news\/ws\/624\/amz\/worldservice\/live\/assets\/images\/2015\/11\/14\/151114222354_francia_eagles_getty_2_624x351_getty_nocredit.jpg\" alt=\"Eagles of Death Metal \" width=\"624\" height=\"351\" \/><\/span>La mayor\u00eda de las v\u00edctimas asist\u00edan en el teatro Le Bataclan a un concierto de rock de la banda estadounidense Eagles of Death Metal.<\/p>\n<p>Por su parte el Ministerio de Relaciones Exteriores de Suecia, dijo a <strong>la televisi\u00f3n sueca que uno de sus nacionales muri\u00f3 en los ataques<\/strong> y que otro m\u00e1s result\u00f3 herido.<\/p>\n<p>El periodista de <i>Le Monde<\/i> Daniel Psenny dijo que ayud\u00f3 a un hombre estadounidense a escapar de Le Bataclan. Sin embargo, no se sabe si el hombre est\u00e1 vivo o muerto.<\/p>\n<p>El gobierno de <strong>Portugal dijo que uno de sus ciudadanos<\/strong>, de 63 a\u00f1os, que resid\u00eda en Par\u00eds desde hace varios a\u00f1os, muri\u00f3 en una de las explosiones cerca del Stade de France.<\/p>\n<p>M\u00e1s tarde se supo que se trataba de <strong>Manuel Dias, de 63 a\u00f1os<\/strong>.<\/p>\n<p>Y <strong>Precilia Correia<\/strong>, de 35 a\u00f1os y <strong>con nacionalidad portuguesa y francesa<\/strong>, muri\u00f3 en Le Bataclan junto a su novio franc\u00e9s.<\/p>\n<p>El diario <i>Die Zeit<\/i> inform\u00f3 de la muerte de <strong>un ciudadano alem\u00e1n<\/strong> en los ataques, citando como fuente al Ministerio de Exteriores de ese pa\u00eds. De acuerdo a la prensa, la v\u00edctima era un var\u00f3n de 28 a\u00f1os, originario de Munich y que viv\u00eda en Par\u00eds desde 2011.<\/p>\n<figure class=\"media-landscape has-caption full-width\"><span class=\"image-and-copyright-container\"><img loading=\"lazy\" decoding=\"async\" class=\"js-image-replace\" src=\"http:\/\/ichef.bbci.co.uk\/news\/ws\/624\/amz\/worldservice\/live\/assets\/images\/2015\/11\/16\/151116152213_paris_ataques_estado_islamico_victimas_549x549_facebook_nocredit.jpg\" alt=\"\" width=\"549\" height=\"549\" \/><\/span><\/figure>\n<figure class=\"media-landscape has-caption full-width\">Valeria Solesin estudiaba un doctorado en la capital francesa y acudi\u00f3 a Le Bataclan con su novio.<\/figure>\n<p>La familia de <strong>la veneciana Valeria Solesin<\/strong>, de 28 a\u00f1os, dijo que falleci\u00f3 fuera de Le Bataclan.<\/p>\n<p>Solesin estudiaba un doctorado en la capital francesa y acudi\u00f3 a Le Bataclan con su novio.<\/p>\n<p>Se perdieron la pista cuando trataban de escapar de los tiros.<\/p>\n<p>Su madre, Luciana Milani, dijo que Valeria era \u00abuna persona maravillosa\u00bb.<\/p>\n<p>La cadena BFM TV report\u00f3 la muerte de <strong>dos ciudadanos rumanos<\/strong>, citando el Ministerio de Exteriores de dicho pa\u00eds.<\/p>\n<p>El canal de televisi\u00f3n franc\u00e9s BFM TV inform\u00f3 sobre la muerte de <strong>dos hermanas tunecinas<\/strong>, de 34 y 35 a\u00f1os, durante una celebraci\u00f3n de cumplea\u00f1os, y tambi\u00e9n la muerte de un ciudadano rumano.<\/p>\n<p>Adem\u00e1s, la agencia de noticias APS de Argelia inform\u00f3 de la muerte de <strong>dos personas de nacionalidad argelina<\/strong>: una mujer de 40 a\u00f1os y un hombre de 29.<\/p>\n<p>Y un diario de Marruecos se\u00f1ala que entre las v\u00edctimas del Carillon tambi\u00e9n se encuentra <strong>un hombre de nacionalidad marroqu\u00ed, Amine Ibnolmobarak<\/strong>, de 29 a\u00f1os.<\/p>\n<p>De acuerdo a esta informaci\u00f3n era originario de Rabat y estaba con su mujer, quien result\u00f3 gravemente herida.<\/p>\n<h2 class=\"story-body__crosshead\">Recursos para buscar informaci\u00f3n<\/h2>\n<p>El gobierno franc\u00e9s estableci\u00f3 una l\u00ednea telef\u00f3nica de informaci\u00f3n.<\/p>\n<h2 class=\"story-body__crosshead\"><\/h2>\n<figure class=\"media-landscape has-caption full-width\"><span class=\"image-and-copyright-container\"><img loading=\"lazy\" decoding=\"async\" class=\"js-image-replace\" src=\"http:\/\/ichef.bbci.co.uk\/news\/ws\/624\/amz\/worldservice\/live\/assets\/images\/2015\/11\/14\/151114231336_paris_attacks_phone_624x351_ministeriodelinteriordefrancia_nocredit.jpg\" alt=\"Informaci\u00f3n desaparecidos\" width=\"624\" height=\"351\" \/><span class=\"off-screen\">Image copyright<\/span><span class=\"story-image-copyright\">Ministerio del Interior de Francia<\/span><\/span><figcaption class=\"media-caption\"><span class=\"off-screen\">Image caption<\/span><span class=\"media-caption__text\">El gobierno franc\u00e9s habilit\u00f3 una l\u00ednea telef\u00f3nica y una pagina web para informar sobre las v\u00edctimas.<\/span><\/figcaption><\/figure>\n<p>Tambi\u00e9n hay disponible un sitio web en el que se puede consultar c\u00f3mo localizar las personas de las que no se conoce su ubicaci\u00f3n.<\/p>\n<p>El Ministerio del Interior franc\u00e9s ha advertido que el sitio est\u00e1 sobrecargado por el volumen de gente buscando informaci\u00f3n, y que por lo tanto, puede presentar fallas en ocasiones.<\/p>\n<h2 class=\"story-body__crosshead\">#RechercheParis<\/h2>\n<p>El hashtag #rechercheParis (buscar en Par\u00eds) se est\u00e1 utilizando ampliamente para hacer circular nombres y fotos de los desaparecidos.<\/p>\n<p>Tambi\u00e9n hay una cuenta de Twitter <strong>@recherche_Paris<\/strong>.<\/p>\n<p>La p\u00e1gina de Facebook Je Suis Charlie, creada despu\u00e9s de los mort\u00edferos ataques al semanario Charlie Hebdo en Par\u00eds en enero, est\u00e1 publicando tambi\u00e9n fotos y pidiendo informaci\u00f3n sobre las personas de las que no se tiene noticia desde el viernes.<\/p>\n","protected":false},"excerpt":{"rendered":"<p>Image copyrightPAImage captionNick Alexander vend\u00eda mercanc\u00eda de la banda de rock en Le Bataclan cuando muri\u00f3. Un d\u00eda despu\u00e9s de los ataques en Par\u00eds que dejaron hasta el momento 133 muertos, han empezado a confirmarse los nombres de los fallecidos que han sido identificados, entre los que hay personas de varias nacionalidades. Seg\u00fan el \u00faltima [&hellip;]<\/p>\n","protected":false},"author":4,"featured_media":32847,"comment_status":"open","ping_status":"open","sticky":false,"template":"","format":"standard","meta":{"footnotes":""},"categories":[86,40,83],"tags":[],"class_list":["post-32846","post","type-post","status-publish","format-standard","has-post-thumbnail","hentry","category-europa","category-internacionales","category-reportajes"],"_links":{"self":[{"href":"https:\/\/2horizontes.com\/index.php?rest_route=\/wp\/v2\/posts\/32846","targetHints":{"allow":["GET"]}}],"collection":[{"href":"https:\/\/2horizontes.com\/index.php?rest_route=\/wp\/v2\/posts"}],"about":[{"href":"https:\/\/2horizontes.com\/index.php?rest_route=\/wp\/v2\/types\/post"}],"author":[{"embeddable":true,"href":"https:\/\/2horizontes.com\/index.php?rest_route=\/wp\/v2\/users\/4"}],"replies":[{"embeddable":true,"href":"https:\/\/2horizontes.com\/index.php?rest_route=%2Fwp%2Fv2%2Fcomments&post=32846"}],"version-history":[{"count":2,"href":"https:\/\/2horizontes.com\/index.php?rest_route=\/wp\/v2\/posts\/32846\/revisions"}],"predecessor-version":[{"id":32849,"href":"https:\/\/2horizontes.com\/index.php?rest_route=\/wp\/v2\/posts\/32846\/revisions\/32849"}],"wp:featuredmedia":[{"embeddable":true,"href":"https:\/\/2horizontes.com\/index.php?rest_route=\/wp\/v2\/media\/32847"}],"wp:attachment":[{"href":"https:\/\/2horizontes.com\/index.php?rest_route=%2Fwp%2Fv2%2Fmedia&parent=32846"}],"wp:term":[{"taxonomy":"category","embeddable":true,"href":"https:\/\/2horizontes.com\/index.php?rest_route=%2Fwp%2Fv2%2Fcategories&post=32846"},{"taxonomy":"post_tag","embeddable":true,"href":"https:\/\/2horizontes.com\/index.php?rest_route=%2Fwp%2Fv2%2Ftags&post=32846"}],"curies":[{"name":"wp","href":"https:\/\/api.w.org\/{rel}","templated":true}]}}