{"id":32843,"date":"2015-11-16T18:03:24","date_gmt":"2015-11-16T17:03:24","guid":{"rendered":"http:\/\/2horizontes.com\/?p=32843"},"modified":"2015-11-16T18:03:24","modified_gmt":"2015-11-16T17:03:24","slug":"el-presidente-de-francia-francois-hollande-declaro-a-su-pais-en-guerra-tras-los-ataques-en-paris-del-viernes","status":"publish","type":"post","link":"https:\/\/2horizontes.com\/?p=32843","title":{"rendered":"El presidente de Francia, Fran\u00e7ois Hollande, declar\u00f3 a su pa\u00eds \u00aben guerra\u00bb tras los ataques en Par\u00eds del viernes."},"content":{"rendered":"<p>\u00abNo destruir\u00e1n a la Rep\u00fablica. La Rep\u00fablica destruir\u00e1 al terrorismo\u00bb, dijo en la ma\u00f1ana del lunes desde Versalles.<\/p>\n<p>\u00abVamos a erradicar el terrorismo\u00bb, dijo Hollande despu\u00e9s de afirmar que \u00abSiria se convirti\u00f3 en una f\u00e1brica de terroristas\u00bb.<\/p>\n<div class=\"idt__news ns_datapic_stat ns_datapic_stat--mundo-ultimo-ataques-paris newsspec_infographic_template\">\n<div class=\"ns_outer_wrapper ns_outer_wrapper__align-bottom\">\n<div class=\"ns_inner_wrapper\">\n<div class=\"ns_header_wrapper\">\n<h2 class=\"ns_title \" data-test-id=\"vj_main_header\">Lo \u00faltimo sobre los ataques de Par\u00eds<\/h2>\n<\/div>\n<ul class=\"ns_impact-figures  ns_separator \">\n<li class=\"ns_impact \">&#8211; El balance de muertos es de 132 tras confirmarse otros tres.<\/li>\n<li class=\"ns_impact \">&#8211; La polic\u00eda ha hecho m\u00e1s de 150 allanamientos con 23 detenidos y armas decomisadas.<\/li>\n<li class=\"ns_impact \">&#8211; El barrio de Molenbeek en Bruselas es el centro de varios operativos policiales.<\/li>\n<li class=\"ns_impact \">&#8211; Europa observ\u00f3 un minuto de silencio.<\/li>\n<li class=\"ns_impact \">&#8211; Gobierno de Francia advirti\u00f3 de que es posible se est\u00e9n planeando m\u00e1s ataques contra Francia y otros pa\u00edses europeos.<\/li>\n<\/ul>\n<\/div>\n<\/div>\n<\/div>\n","protected":false},"excerpt":{"rendered":"<p>\u00abNo destruir\u00e1n a la Rep\u00fablica. La Rep\u00fablica destruir\u00e1 al terrorismo\u00bb, dijo en la ma\u00f1ana del lunes desde Versalles. \u00abVamos a erradicar el terrorismo\u00bb, dijo Hollande despu\u00e9s de afirmar que \u00abSiria se convirti\u00f3 en una f\u00e1brica de terroristas\u00bb. Lo \u00faltimo sobre los ataques de Par\u00eds &#8211; El balance de muertos es de 132 tras confirmarse otros [&hellip;]<\/p>\n","protected":false},"author":4,"featured_media":32844,"comment_status":"open","ping_status":"open","sticky":false,"template":"","format":"standard","meta":{"footnotes":""},"categories":[86,40],"tags":[],"class_list":["post-32843","post","type-post","status-publish","format-standard","has-post-thumbnail","hentry","category-europa","category-internacionales"],"_links":{"self":[{"href":"https:\/\/2horizontes.com\/index.php?rest_route=\/wp\/v2\/posts\/32843","targetHints":{"allow":["GET"]}}],"collection":[{"href":"https:\/\/2horizontes.com\/index.php?rest_route=\/wp\/v2\/posts"}],"about":[{"href":"https:\/\/2horizontes.com\/index.php?rest_route=\/wp\/v2\/types\/post"}],"author":[{"embeddable":true,"href":"https:\/\/2horizontes.com\/index.php?rest_route=\/wp\/v2\/users\/4"}],"replies":[{"embeddable":true,"href":"https:\/\/2horizontes.com\/index.php?rest_route=%2Fwp%2Fv2%2Fcomments&post=32843"}],"version-history":[{"count":1,"href":"https:\/\/2horizontes.com\/index.php?rest_route=\/wp\/v2\/posts\/32843\/revisions"}],"predecessor-version":[{"id":32845,"href":"https:\/\/2horizontes.com\/index.php?rest_route=\/wp\/v2\/posts\/32843\/revisions\/32845"}],"wp:featuredmedia":[{"embeddable":true,"href":"https:\/\/2horizontes.com\/index.php?rest_route=\/wp\/v2\/media\/32844"}],"wp:attachment":[{"href":"https:\/\/2horizontes.com\/index.php?rest_route=%2Fwp%2Fv2%2Fmedia&parent=32843"}],"wp:term":[{"taxonomy":"category","embeddable":true,"href":"https:\/\/2horizontes.com\/index.php?rest_route=%2Fwp%2Fv2%2Fcategories&post=32843"},{"taxonomy":"post_tag","embeddable":true,"href":"https:\/\/2horizontes.com\/index.php?rest_route=%2Fwp%2Fv2%2Ftags&post=32843"}],"curies":[{"name":"wp","href":"https:\/\/api.w.org\/{rel}","templated":true}]}}