{"id":32840,"date":"2015-11-16T17:54:57","date_gmt":"2015-11-16T16:54:57","guid":{"rendered":"http:\/\/2horizontes.com\/?p=32840"},"modified":"2015-11-16T17:54:57","modified_gmt":"2015-11-16T16:54:57","slug":"quienes-son-los-atacantes-que-causaron-la-matanza-en-paris","status":"publish","type":"post","link":"https:\/\/2horizontes.com\/?p=32840","title":{"rendered":"Qui\u00e9nes son los atacantes que causaron la matanza en Par\u00eds"},"content":{"rendered":"<p class=\"story-body__introduction\">Mientras el fren\u00e9tico trabajo de las fuerzas de seguridad francesas y belgas sigue en marcha con redadas y detenciones, las piezas del rompecabezas sobre los mort\u00edferos ataques que tuvieron lugar el viernes en Par\u00eds empiezan a tomar forma.<\/p>\n<p>Las autoridades lograron identificar a algunos de los atacantes que acabaron con la vida de al menos 132 personas.<\/p>\n<p>Se cree que m\u00e1s personas participaron en el planeamiento de los ataques, atribuidos por las autoridades al grupo extremista autodenominado Estado Isl\u00e1mico.<\/p>\n<p>Los investigadores sospechan que los atentados que sacudieron la capital francesa se prepararon en B\u00e9lgica y Siria, con apoyo de c\u00f3mplices en Francia.<\/p>\n<p>Ve toda nuestra cobertura de los ataques de Par\u00eds<\/p>\n<p>Siete atacantes murieron, pero puede haber otros a la fuga. <strong>Todos los identificados, salvo uno, tienen nacionalidad francesa, aunque algunos viv\u00edan en B\u00e9lgica.<\/strong><\/p>\n<h2 class=\"story-body__crosshead\">\u00bfEl cerebro de los ataques?<\/h2>\n<p>Los investigadores se est\u00e1n centrando en el papel de <strong>Abdelhamid Abaaoud<\/strong> como posible cerebro de los ataques, aunuqe las autoridades belgas calificaron de \u00abrumores\u00bb estas informaciones, seg\u00fan la agencia Reuters.<\/p>\n<p>Lee: Francia: lo que se sabe de los ataques reinvidicados por Estado Isl\u00e1mico que dejaron al menos 132 muertos en Par\u00eds<\/p>\n<p>Abaadou, de 27 a\u00f1os, tiene nacionalidad belga y ascendencia marroqu\u00ed, explica el corresponsal de la BBC en Par\u00eds, Hugh Schofield.<\/p>\n<figure class=\"media-landscape has-caption full-width\"><span class=\"image-and-copyright-container\"><img loading=\"lazy\" decoding=\"async\" class=\"js-image-replace\" src=\"http:\/\/ichef.bbci.co.uk\/news\/ws\/624\/amz\/worldservice\/live\/assets\/images\/2015\/11\/16\/151116133714_is_624x351_bbc_nocredit.jpg\" alt=\"\" width=\"624\" height=\"351\" \/><\/span><figcaption class=\"media-caption\"><span class=\"media-caption__text\">Abaadou en una imagen de la revista online de Estado Isl\u00e1mico.<\/span><\/figcaption><\/figure>\n<p>Se cree que Abaaoud est\u00e1 ahora en Siria, donde ha ido escalando posiciones en las filas de Estado Isl\u00e1mico.<\/p>\n<p>Lee: Lo que los ataques en Par\u00eds muestran sobre el cambio de t\u00e1ctica de Estado Isl\u00e1mico<\/p>\n<p>La organizaci\u00f3n le habr\u00eda confiado la misi\u00f3n de entrenar a otros extremistas para planificar atentados en Europa.<\/p>\n<p>Abaaoud, que luce una larga barba negra, es un hombre conocido en Raqqa, capital del califato de Estado Isl\u00e1mico.<\/p>\n<p>Abaaoud conoc\u00eda a los hermanos Abdeslam, vinculados tambi\u00e9n a los ataques, y vivi\u00f3 en el mismo barrio de Bruselas que ellos, Molenbeek, donde la polic\u00eda belga ejecut\u00f3 m\u00faltiples redadas en la ma\u00f1ana del lunes.<\/p>\n<h2 class=\"story-body__crosshead\">El fugitivo y sus dos hermanos<\/h2>\n<p>La polic\u00eda francesa busca a un sospechoso clave en los ataques, aunque su papel en ellos no ha sido precisado: <strong>Salah Abdeslam, de 26 a\u00f1os, nacido en Bruselas.<\/strong><\/p>\n<p>Lee: As\u00ed fueron los ataques de Estado Isl\u00e1mico que estremecieron a Par\u00eds un viernes 13<\/p>\n<p>Salah Abdeslam y otros dos hombres que viajaban con \u00e9l fueron parados por la polic\u00eda pocas horas despu\u00e9s de los ataques cuando se dirig\u00edan en un auto hacia la frontera con B\u00e9lgica.<\/p>\n<figure class=\"media-landscape no-caption full-width\"><span class=\"image-and-copyright-container\"><img loading=\"lazy\" decoding=\"async\" class=\"js-image-replace\" src=\"http:\/\/ichef.bbci.co.uk\/news\/ws\/624\/amz\/worldservice\/live\/assets\/images\/2015\/11\/16\/151116133932_abdelsam_624x351_pa_nocredit.jpg\" alt=\"Abdelsam\" width=\"624\" height=\"351\" \/><\/span><\/figure>\n<p>Pero sus documentos fueron revisados y se les permiti\u00f3 seguir su camino.<\/p>\n<p>Algunas informaciones se\u00f1alan que Abdeslam fue identificado como la persona que alquil\u00f3 el <strong>Volkswagen Polo hallado en las cercan\u00edas del teatro Le Bataclan<\/strong>y que se cree fue utilizado por los atacantes.<\/p>\n<p>No est\u00e1 claro si las autoridades francesas hab\u00edan vinculado el auto encontrado con Abdeslam cuando lo pararon.<\/p>\n<p>La cadena de noticias francesa BFMTV, citando una fuente de la investgaci\u00f3n, afirm\u00f3 que tanto Abdeslam como otro de los atacantes eran conocidos por las autoridades belgas antes de los ataques.<\/p>\n<p>Un hermano de Salah, <strong>Brahim Abdeslam, de 31 a\u00f1os,<\/strong> se cree que muri\u00f3 al detonar el cintur\u00f3n de explosivos que llevaba frente al Comptoir Voltaire, un bar de la capital francesa.<\/p>\n<p>Brahim Abdeslam viv\u00eda tambi\u00e9n en Molenbeek y hab\u00eda aparecido en varios archivos policiales con anterioridad vinculado a Addelhamid Abaaoud.<\/p>\n<p>El tercer hermano, <strong>Mohammed,<\/strong> fue arrestado en Molenbeek el s\u00e1bado, pero <strong>fue puesto en libertad sin cargos en la ma\u00f1ana del lunes.<\/strong><\/p>\n<h2 class=\"story-body__crosshead\">Los tres de Le Bataclan<\/h2>\n<p>Tres hombres irrumpieron en la sala de conciertos Le Bataclan el viernes, causando una carnicer\u00eda.<\/p>\n<p>Dos de ellos murieron al hacer explosionar el chaleco explosivo que llevaban y un tercero fue abatido por la polic\u00eda.<\/p>\n<p>Uno de estos atacantes fue<strong> Samy Amouri, de 28 a\u00f1os.<\/strong> Amouri naci\u00f3 en Par\u00eds y viv\u00f3 en la ciudad de Drancy.<\/p>\n<figure class=\"media-landscape has-caption full-width\"><span class=\"image-and-copyright-container\"><img loading=\"lazy\" decoding=\"async\" class=\"js-image-replace\" src=\"http:\/\/ichef-1.bbci.co.uk\/news\/ws\/624\/amz\/worldservice\/live\/assets\/images\/2015\/11\/16\/151116134128_moleenbek_624x351_afp_nocredit.jpg\" alt=\"Moleenbek\" width=\"624\" height=\"351\" \/><span class=\"story-image-copyright\">AFP<\/span><\/span><figcaption class=\"media-caption\"><span class=\"off-screen\">Image caption<\/span><span class=\"media-caption__text\">La polic\u00eda belga llev\u00f3 a cabo redadas en Bruselas en la ma\u00f1ana del lunes.<\/span><\/figcaption><\/figure>\n<p>Amouri estaba en el radar de los servicios de inteligencia y fue puesto bajo investigaci\u00f3n en octubre de 2012 por asociaci\u00f3n con terroristas, tras intentar viajar a Yemen.<\/p>\n<p>En 2013 viol\u00f3 las condiciones de libertad, por lo que las autoridades emitieron una<strong>orden de arresto contra \u00e9l.<\/strong><\/p>\n<p>Su familia cont\u00f3 a la agencia AFP que fue por esta \u00e9poca cuando Amouri parti\u00f3 a Siria, donde estaba todav\u00eda en el verano de 2014.<\/p>\n<p><strong>Amouri muri\u00f3 tras el asalto de la polic\u00eda a Le Bataclan.<\/strong><\/p>\n<p>Tres familiares suyos han sido detenidos.<\/p>\n<p>Otro de los atacantes de Le Bataclan fue <strong>Omar Ismail Mostefai,<\/strong> el primero de los suicidas que fue identificado.<\/p>\n<p>Mostefai, de 29 a\u00f1os y or\u00edgenes argelinos, tambi\u00e9n ten\u00eda nacionalidad francesa y fue identificado por un dedo encontrado entre los restos de la sala de conciertos.<\/p>\n<p>Mostefai deton\u00f3 el cintur\u00f3n de explosivos que llevaba dentro de la sala, explic\u00f3 el diario franc\u00e9s <i>Lib\u00e9ration<\/i>.<\/p>\n<figure class=\"media-landscape has-caption full-width\"><span class=\"image-and-copyright-container\"><img loading=\"lazy\" decoding=\"async\" class=\"js-image-replace\" src=\"http:\/\/ichef.bbci.co.uk\/news\/ws\/624\/amz\/worldservice\/live\/assets\/images\/2015\/11\/16\/151116134305_mostefai_624x351_afp_nocredit.jpg\" alt=\"Mostefai\" width=\"624\" height=\"351\" \/><span class=\"story-image-copyright\">AFP<\/span><\/span><figcaption class=\"media-caption\"><span class=\"off-screen\">Image caption<\/span><span class=\"media-caption__text\">Se cree que Ismael Omar Mostefai vivi\u00f3 en esta casa en alg\u00fan momento entre 2010 y 2012.<\/span><\/figcaption><\/figure>\n<p>Mostefai viv\u00eda en la ciudad francesa de Chartres y estuvo fichado por peque\u00f1os delitos por las autoridades. Fue detenido ocho veces, pero nunca pas\u00f3 por la c\u00e1rcel.<\/p>\n<p>A pesar de estar en el radar de las autoridades por su radicalizaci\u00f3n, <strong>nunca form\u00f3 parte de una gran investigaci\u00f3n.<\/strong><\/p>\n<p>Una alta autoridad turca confirm\u00f3 a la BBC que Mostefai entr\u00f3 en Turqu\u00eda en 2013. No hay rastros de su salida del pa\u00eds.<\/p>\n<p>Esta fuente, que habl\u00f3 bajo condici\u00f3n de anonimato, dijo que Turqu\u00eda recibi\u00f3 en octubre de 2014 una petici\u00f3n de informaci\u00f3n sobre cuatro sospechosos de terrorismo por parte de las autoridades francesas.<\/p>\n<p>Seg\u00fan esta misma fuente, durante la investigaci\u00f3n las autoridades turcas identificaron a un quinto individuo, Omar Ismail Mostefai, y <strong>notificaron a sus hom\u00f3logos franceses dos veces:<\/strong> en diciembre de 2014 y en junio de 2015.<\/p>\n<p>\u00abPero no volvimos a saber nada de este asunto\u00bb, dijo la autoridad.<\/p>\n<p>Medios franceses publicaron que Mostefai viaj\u00f3 a Turqu\u00eda en 2013 y luego, seg\u00fan algunos reportes, a Siria, pero esto no ha sido confirmado por las autoridades.<\/p>\n<p>Volvi\u00f3 a entrar en territorio europeo en la primavera de 2014.<\/p>\n<p><strong>La identidad del tercer atacante de Le Bataclan no se conoce todav\u00eda.<\/strong><\/p>\n<h2 class=\"story-body__crosshead\">El Estadio de Francia<\/h2>\n<p>Tres atacantes suicidas se hicieron explosionar en las inmediaciones del Estadio de Francia durante un partido amistoso entre las selecciones de Francia y Alemania.<\/p>\n<p>Uno de ellos ha sido identificado por los medios de comunicaci\u00f3n como <strong>Bilal Hadfi, ciudadano franc\u00e9s de 20 a\u00f1os.<\/strong><\/p>\n<figure class=\"media-landscape has-caption body-narrow-width\"><span class=\"image-and-copyright-container\"><img loading=\"lazy\" decoding=\"async\" class=\"js-image-replace alignleft\" src=\"http:\/\/ichef-1.bbci.co.uk\/news\/ws\/304\/amz\/worldservice\/live\/assets\/images\/2015\/11\/16\/151116134523_car_304x171_afp_nocredit.jpg\" alt=\"Auto\" width=\"304\" height=\"171\" \/><\/span><figcaption class=\"media-caption\"><span class=\"media-caption__text\">cree que este auto fue utilizado en los ataques.<\/span><\/figcaption><\/figure>\n<p>Las autoridades encontraron junto a los restos de otro de los atacantes suicidas un <strong>pasaporte sirio con el nombre de Ahmad Al-Mohamed,<\/strong> seg\u00fan la fiscal\u00eda francesa.<\/p>\n<p>Aunque no se ha establecido todav\u00eda si el pasaporte es verdadero, s\u00ed se sabe que esta persona lleg\u00f3 a Europa entre los flujos de migrantes a trav\u00e9s de la isla de Leros a principios de octubre, seg\u00fan el corresponsal de la BBC Hughes.<\/p>\n<p>Sus huellas dactilares coinciden con unas tomadas por las autoridades griegas.<\/p>\n<p>Sobre el tercer atacante, tambi\u00e9n muerto, no ha trascendido informaci\u00f3n.<\/p>\n","protected":false},"excerpt":{"rendered":"<p>Mientras el fren\u00e9tico trabajo de las fuerzas de seguridad francesas y belgas sigue en marcha con redadas y detenciones, las piezas del rompecabezas sobre los mort\u00edferos ataques que tuvieron lugar el viernes en Par\u00eds empiezan a tomar forma. Las autoridades lograron identificar a algunos de los atacantes que acabaron con la vida de al menos [&hellip;]<\/p>\n","protected":false},"author":4,"featured_media":32841,"comment_status":"open","ping_status":"open","sticky":false,"template":"","format":"standard","meta":{"footnotes":""},"categories":[86,40],"tags":[],"class_list":["post-32840","post","type-post","status-publish","format-standard","has-post-thumbnail","hentry","category-europa","category-internacionales"],"_links":{"self":[{"href":"https:\/\/2horizontes.com\/index.php?rest_route=\/wp\/v2\/posts\/32840","targetHints":{"allow":["GET"]}}],"collection":[{"href":"https:\/\/2horizontes.com\/index.php?rest_route=\/wp\/v2\/posts"}],"about":[{"href":"https:\/\/2horizontes.com\/index.php?rest_route=\/wp\/v2\/types\/post"}],"author":[{"embeddable":true,"href":"https:\/\/2horizontes.com\/index.php?rest_route=\/wp\/v2\/users\/4"}],"replies":[{"embeddable":true,"href":"https:\/\/2horizontes.com\/index.php?rest_route=%2Fwp%2Fv2%2Fcomments&post=32840"}],"version-history":[{"count":1,"href":"https:\/\/2horizontes.com\/index.php?rest_route=\/wp\/v2\/posts\/32840\/revisions"}],"predecessor-version":[{"id":32842,"href":"https:\/\/2horizontes.com\/index.php?rest_route=\/wp\/v2\/posts\/32840\/revisions\/32842"}],"wp:featuredmedia":[{"embeddable":true,"href":"https:\/\/2horizontes.com\/index.php?rest_route=\/wp\/v2\/media\/32841"}],"wp:attachment":[{"href":"https:\/\/2horizontes.com\/index.php?rest_route=%2Fwp%2Fv2%2Fmedia&parent=32840"}],"wp:term":[{"taxonomy":"category","embeddable":true,"href":"https:\/\/2horizontes.com\/index.php?rest_route=%2Fwp%2Fv2%2Fcategories&post=32840"},{"taxonomy":"post_tag","embeddable":true,"href":"https:\/\/2horizontes.com\/index.php?rest_route=%2Fwp%2Fv2%2Ftags&post=32840"}],"curies":[{"name":"wp","href":"https:\/\/api.w.org\/{rel}","templated":true}]}}