{"id":32837,"date":"2015-11-16T15:17:33","date_gmt":"2015-11-16T14:17:33","guid":{"rendered":"http:\/\/2horizontes.com\/?p=32837"},"modified":"2015-11-16T15:17:33","modified_gmt":"2015-11-16T14:17:33","slug":"como-y-cuando-puedes-aparcar-en-madrid-con-las-restricciones-por-contaminacion","status":"publish","type":"post","link":"https:\/\/2horizontes.com\/?p=32837","title":{"rendered":"C\u00f3mo y cu\u00e1ndo puedes aparcar en Madrid con las restricciones por contaminaci\u00f3n"},"content":{"rendered":"<p>Madrid.- El \u00abProtocolo de medidas a adoptar durante episodios de alta contaminaci\u00f3n por di\u00f3xido de nitr\u00f3geno\u00bb del Ayuntamiento ha vaciado las calles del centro de Madrid pero ha inundado las redes y las conversaciones de bar con dudas e interrogantes que esta gu\u00eda te ayuda a solucionar.<\/p>\n<p>\u00bfPuedo acercarme al centro y aparcar en un aparcamiento subterr\u00e1neo?<\/p>\n<p>Es la medida recomendada para los veh\u00edculos particulares aunque se recomienda hacerlo a primera hora antes de que se ocupen todas las plazas.<\/p>\n<p>\u00bfSi no encuentro plaza de en un aparcamiento y estaciono mi coche qu\u00e9 me puede ocurrir?<\/p>\n<p>La ordenanza municipal establece una sanci\u00f3n de 90 euros por estacionar en la zona de aparcamiento regulado (SER) sin tique. La infracci\u00f3n se reduce en un 50% si se abona durante el periodo voluntario.<\/p>\n<p>\u00bfHasta qu\u00e9 hora est\u00e1 vigente la restricci\u00f3n?<\/p>\n<p>Afecta al horario de funcionamiento del SER, de nueve de la ma\u00f1ana a nueve de la noche.<\/p>\n<p>\u00bfPueden los residentes hacer uso del SER?<\/p>\n<p>S\u00ed, podr\u00e1n aparcar en su zona sin ser denunciados mientras tengan el permiso en regla y hagan uso de las plazas de la zona verde.<\/p>\n<p>\u00bfQu\u00e9 pasa con los veh\u00edculos h\u00edbridos?<\/p>\n<p>Estos veh\u00edculos tambi\u00e9n contaminan y est\u00e1n dentro de las prohibiciones marcadas por el Consistorio.<\/p>\n<p>\u00bfAfectan las restricciones a las motos y los coches el\u00e9ctricos?<\/p>\n<p>Ambos tipos de veh\u00edculos pueden estacionar en las plazas del SER de la Almendra central de Madrid.<\/p>\n<p>\u00bfQu\u00e9 ocurre con los veh\u00edculos de minusv\u00e1lidos y autobuses escolares?<\/p>\n<p>Todos ellos podr\u00e1n aparcar en las zonas habilitadas para ellos.<\/p>\n<p>\u00bfEn caso de urgencia hospitalaria c\u00f3mo debe actuar?<\/p>\n<p>El Ayuntamiento de Madrid ha garantizado que tanto los pacientes -como sus acompa\u00f1antes- que acudan a un centro m\u00e9dico no van a tener problemas para poder estacionar sus veh\u00edculos en la zona de aparcamiento regulado.<\/p>\n","protected":false},"excerpt":{"rendered":"<p>Madrid.- El \u00abProtocolo de medidas a adoptar durante episodios de alta contaminaci\u00f3n por di\u00f3xido de nitr\u00f3geno\u00bb del Ayuntamiento ha vaciado las calles del centro de Madrid pero ha inundado las redes y las conversaciones de bar con dudas e interrogantes que esta gu\u00eda te ayuda a solucionar. \u00bfPuedo acercarme al centro y aparcar en un [&hellip;]<\/p>\n","protected":false},"author":3,"featured_media":32838,"comment_status":"open","ping_status":"open","sticky":false,"template":"","format":"standard","meta":{"footnotes":""},"categories":[85],"tags":[],"class_list":["post-32837","post","type-post","status-publish","format-standard","has-post-thumbnail","hentry","category-espana"],"_links":{"self":[{"href":"https:\/\/2horizontes.com\/index.php?rest_route=\/wp\/v2\/posts\/32837","targetHints":{"allow":["GET"]}}],"collection":[{"href":"https:\/\/2horizontes.com\/index.php?rest_route=\/wp\/v2\/posts"}],"about":[{"href":"https:\/\/2horizontes.com\/index.php?rest_route=\/wp\/v2\/types\/post"}],"author":[{"embeddable":true,"href":"https:\/\/2horizontes.com\/index.php?rest_route=\/wp\/v2\/users\/3"}],"replies":[{"embeddable":true,"href":"https:\/\/2horizontes.com\/index.php?rest_route=%2Fwp%2Fv2%2Fcomments&post=32837"}],"version-history":[{"count":1,"href":"https:\/\/2horizontes.com\/index.php?rest_route=\/wp\/v2\/posts\/32837\/revisions"}],"predecessor-version":[{"id":32839,"href":"https:\/\/2horizontes.com\/index.php?rest_route=\/wp\/v2\/posts\/32837\/revisions\/32839"}],"wp:featuredmedia":[{"embeddable":true,"href":"https:\/\/2horizontes.com\/index.php?rest_route=\/wp\/v2\/media\/32838"}],"wp:attachment":[{"href":"https:\/\/2horizontes.com\/index.php?rest_route=%2Fwp%2Fv2%2Fmedia&parent=32837"}],"wp:term":[{"taxonomy":"category","embeddable":true,"href":"https:\/\/2horizontes.com\/index.php?rest_route=%2Fwp%2Fv2%2Fcategories&post=32837"},{"taxonomy":"post_tag","embeddable":true,"href":"https:\/\/2horizontes.com\/index.php?rest_route=%2Fwp%2Fv2%2Ftags&post=32837"}],"curies":[{"name":"wp","href":"https:\/\/api.w.org\/{rel}","templated":true}]}}