{"id":32821,"date":"2015-11-16T14:41:14","date_gmt":"2015-11-16T13:41:14","guid":{"rendered":"http:\/\/2horizontes.com\/?p=32821"},"modified":"2015-11-16T14:41:14","modified_gmt":"2015-11-16T13:41:14","slug":"asesinada-con-arma-blanca-una-mujer-extranjera-en-carabanchel-madrid","status":"publish","type":"post","link":"https:\/\/2horizontes.com\/?p=32821","title":{"rendered":"Asesinada con arma blanca una mujer extranjera en Carabanchel Madrid"},"content":{"rendered":"<p>Una mujer de 32 a\u00f1os ha fallecido por heridas de arma blanca en la calle de Los Morales, en el distrito madrile\u00f1o de Carabanchel, suceso por el que ha sido detenido un hombre de nacionalidad espa\u00f1ola, han informado el Servicio de Urgencias M\u00e9dicas de Madrid (SUMMA 112) y la Polic\u00eda Nacional.<\/p>\n<p>Fuentes de la Jefatura Superior de Polic\u00eda han informado a Efe de que los agentes han hallado el cuerpo sin vida de la mujer, al parecer de nacionalidad b\u00falgara, y que como presunto autor de su muerte ha sido detenido un hombre de 34 a\u00f1os.<\/p>\n<p>Seg\u00fan el SUMMA, este servicio recibi\u00f3 una llamada de alerta a las 19:06 y al acudir al lugar de los hechos, en el PAU de Carabanchel, s\u00f3lo ha podido confirmar el deceso de la mujer, que presentaba hematomas en la cara y tres heridas incisas por arma blanca en el t\u00f3rax.<\/p>\n<p>La fuente policial ha informado de que el caso es investigado por el Grupo V de Homicidios de la Polic\u00eda y que por el momento, al desconocerse c\u00f3mo han transcurrido los hechos y la relaci\u00f3n entre la mujer y el detenido, no se puede afirmar que se trate de un caso de violencia machista.<\/p>\n","protected":false},"excerpt":{"rendered":"<p>Una mujer de 32 a\u00f1os ha fallecido por heridas de arma blanca en la calle de Los Morales, en el distrito madrile\u00f1o de Carabanchel, suceso por el que ha sido detenido un hombre de nacionalidad espa\u00f1ola, han informado el Servicio de Urgencias M\u00e9dicas de Madrid (SUMMA 112) y la Polic\u00eda Nacional. Fuentes de la Jefatura [&hellip;]<\/p>\n","protected":false},"author":3,"featured_media":32823,"comment_status":"open","ping_status":"open","sticky":false,"template":"","format":"standard","meta":{"footnotes":""},"categories":[85],"tags":[],"class_list":["post-32821","post","type-post","status-publish","format-standard","has-post-thumbnail","hentry","category-espana"],"_links":{"self":[{"href":"https:\/\/2horizontes.com\/index.php?rest_route=\/wp\/v2\/posts\/32821","targetHints":{"allow":["GET"]}}],"collection":[{"href":"https:\/\/2horizontes.com\/index.php?rest_route=\/wp\/v2\/posts"}],"about":[{"href":"https:\/\/2horizontes.com\/index.php?rest_route=\/wp\/v2\/types\/post"}],"author":[{"embeddable":true,"href":"https:\/\/2horizontes.com\/index.php?rest_route=\/wp\/v2\/users\/3"}],"replies":[{"embeddable":true,"href":"https:\/\/2horizontes.com\/index.php?rest_route=%2Fwp%2Fv2%2Fcomments&post=32821"}],"version-history":[{"count":1,"href":"https:\/\/2horizontes.com\/index.php?rest_route=\/wp\/v2\/posts\/32821\/revisions"}],"predecessor-version":[{"id":32824,"href":"https:\/\/2horizontes.com\/index.php?rest_route=\/wp\/v2\/posts\/32821\/revisions\/32824"}],"wp:featuredmedia":[{"embeddable":true,"href":"https:\/\/2horizontes.com\/index.php?rest_route=\/wp\/v2\/media\/32823"}],"wp:attachment":[{"href":"https:\/\/2horizontes.com\/index.php?rest_route=%2Fwp%2Fv2%2Fmedia&parent=32821"}],"wp:term":[{"taxonomy":"category","embeddable":true,"href":"https:\/\/2horizontes.com\/index.php?rest_route=%2Fwp%2Fv2%2Fcategories&post=32821"},{"taxonomy":"post_tag","embeddable":true,"href":"https:\/\/2horizontes.com\/index.php?rest_route=%2Fwp%2Fv2%2Ftags&post=32821"}],"curies":[{"name":"wp","href":"https:\/\/api.w.org\/{rel}","templated":true}]}}