{"id":32773,"date":"2015-11-16T10:44:16","date_gmt":"2015-11-16T09:44:16","guid":{"rendered":"http:\/\/2horizontes.com\/?p=32773"},"modified":"2015-11-16T10:44:16","modified_gmt":"2015-11-16T09:44:16","slug":"mexico-extradita-a-excolaborador-del-chapo-y-otro-individuo-a-ee-uu","status":"publish","type":"post","link":"https:\/\/2horizontes.com\/?p=32773","title":{"rendered":"M\u00e9xico extradita a excolaborador del Chapo y otro individuo a EE.UU."},"content":{"rendered":"<div id=\"ArticleAuthorDiv\" class=\"article-body-author\"><b>EFE<\/b><\/div>\n<div id=\"ArticleSourceDiv\" class=\"article-body-author\"><b>M\u00e9xico<\/b><\/div>\n<div id=\"ArticleBody\">\n<p>M\u00e9xico extradit\u00f3 a dos individuos, entre ellos un excolaborador de Joaqu\u00edn \u00abEl Chapo\u00bb Guzm\u00e1n, requeridos por diferentes cortes federales de Estados Unidos por asociaci\u00f3n delictuosa y narcotr\u00e1fico, inform\u00f3 ayer la Procuradur\u00eda General de la Rep\u00fablica (PGR, fiscal\u00eda).<\/p>\n<p>La PGR indic\u00f3 en un comunicado que, en cumplimiento al tratado de extradici\u00f3n con Estados Unidos y de los acuerdos emitidos por la Secretar\u00eda de Relaciones Exteriores, Pedro Alejandro Rubio P\u00e9rez y C\u00e9sar Gastelum Serrano fueron trasladados desde diferentes prisiones federales hasta el aeropuerto de Toluca, Estado de M\u00e9xico.<\/p>\n<p>All\u00ed se formaliz\u00f3 su entrega a las autoridades estadounidenses, en un operativo coordinado por la Subprocuradur\u00eda Jur\u00eddica y de Asuntos Internacionales y la Agencia de Investigaci\u00f3n Criminal de la PGR, e Interpol M\u00e9xico.<\/p>\n<p>Pedro Alejandro Rubio, de 49 a\u00f1os de edad, fue detenido en noviembre de 2013 mientras C\u00e9sar Gastelum, de 47, fue arrestado en abril pasado, ambos por sus actividades relacionadas con el crimen organizado y el narcotr\u00e1fico.<\/p>\n<p>\u00abMediante estas acciones, la PGR continuar\u00e1 trabajando para fortalecer los mecanismos de cooperaci\u00f3n internacional, trabajando de cerca contra el crimen organizado\u00bb, se\u00f1al\u00f3 la instituci\u00f3n.<\/p>\n<p>Si bien la PGR no brind\u00f3 informes sobre las organizaciones delictivas a las que pertenecen los extraditados, la Comisi\u00f3n Nacional de Seguridad (CNS) inform\u00f3 el 12 de abril pasado sobre la detenci\u00f3n en Canc\u00fan (sureste) de Gastelum Serrano, a quien identific\u00f3 como un capo del c\u00e1rtel de Sinaloa.<\/p>\n<p>\u00abGastelum es se\u00f1alado de traficar coca\u00edna en gran escala a trav\u00e9s de la ruta Colombia-Honduras-Guatemala hacia M\u00e9xico con destino final en Estados Unidos\u00bb, dijo en rueda de prensa el entonces titular de la CNS, Monte Alejandro Rubido.<\/p>\n<p>Gastelum se encontraba desde diciembre de 2014 en la lista de narcotraficantes \u00abm\u00e1s buscados\u00bb del Departamento del Tesoro de Estados Unidos, expuso.<\/p>\n<p>Seg\u00fan detall\u00f3 Rubido, en su momento fue colaborador de Joaqu\u00edn \u00abEl Chapo\u00bb Guzm\u00e1n, m\u00e1ximo l\u00edder del c\u00e1rtel de Sinaloa apresado en febrero de 2014 y quien se fug\u00f3 de prisi\u00f3n en julio pasado.<\/p>\n<p>La procuradora general de M\u00e9xico, Arely G\u00f3mez, se\u00f1al\u00f3 el pasado 13 de octubre que M\u00e9xico hab\u00eda extraditado a 44 personas reclamadas por la justicia de Estados Unidos entre septiembre de 2014 y el mismo mes de 2015.<\/p>\n<p>Dicha cifra representa el 98 % del total de las extradiciones realizadas por M\u00e9xico en dicho lapso, dijo la titular de la PGR.<\/p>\n<p>Apenas el 30 de septiembre, M\u00e9xico extradit\u00f3 a 13 individuos reclamados por diversos delitos en cortes de EE.UU, entre ellos el narcotraficante \u00c9dgar Valdez, alias \u00abLa Barbie\u00bb, y Jorge Costilla S\u00e1nchez, alias \u00abEl Coss\u00bb y presunto l\u00edder del c\u00e1rtel del Golfo.<\/p>\n<p>Estas \u00faltimas extradiciones llegan despu\u00e9s de las cr\u00edticas que recibi\u00f3 el Gobierno mexicano a ra\u00edz de la fuga de Guzm\u00e1n el 11 de julio pasado de un penal de m\u00e1xima seguridad a trav\u00e9s de un t\u00fanel de 1,5 kil\u00f3metros. El capo ya se hab\u00eda escapado de una c\u00e1rcel de m\u00e1xima seguridad en 2001.<\/p>\n<\/div>\n","protected":false},"excerpt":{"rendered":"<p>EFE M\u00e9xico M\u00e9xico extradit\u00f3 a dos individuos, entre ellos un excolaborador de Joaqu\u00edn \u00abEl Chapo\u00bb Guzm\u00e1n, requeridos por diferentes cortes federales de Estados Unidos por asociaci\u00f3n delictuosa y narcotr\u00e1fico, inform\u00f3 ayer la Procuradur\u00eda General de la Rep\u00fablica (PGR, fiscal\u00eda). La PGR indic\u00f3 en un comunicado que, en cumplimiento al tratado de extradici\u00f3n con Estados Unidos [&hellip;]<\/p>\n","protected":false},"author":7,"featured_media":32774,"comment_status":"open","ping_status":"open","sticky":false,"template":"","format":"standard","meta":{"footnotes":""},"categories":[40],"tags":[],"class_list":["post-32773","post","type-post","status-publish","format-standard","has-post-thumbnail","hentry","category-internacionales"],"_links":{"self":[{"href":"https:\/\/2horizontes.com\/index.php?rest_route=\/wp\/v2\/posts\/32773","targetHints":{"allow":["GET"]}}],"collection":[{"href":"https:\/\/2horizontes.com\/index.php?rest_route=\/wp\/v2\/posts"}],"about":[{"href":"https:\/\/2horizontes.com\/index.php?rest_route=\/wp\/v2\/types\/post"}],"author":[{"embeddable":true,"href":"https:\/\/2horizontes.com\/index.php?rest_route=\/wp\/v2\/users\/7"}],"replies":[{"embeddable":true,"href":"https:\/\/2horizontes.com\/index.php?rest_route=%2Fwp%2Fv2%2Fcomments&post=32773"}],"version-history":[{"count":1,"href":"https:\/\/2horizontes.com\/index.php?rest_route=\/wp\/v2\/posts\/32773\/revisions"}],"predecessor-version":[{"id":32775,"href":"https:\/\/2horizontes.com\/index.php?rest_route=\/wp\/v2\/posts\/32773\/revisions\/32775"}],"wp:featuredmedia":[{"embeddable":true,"href":"https:\/\/2horizontes.com\/index.php?rest_route=\/wp\/v2\/media\/32774"}],"wp:attachment":[{"href":"https:\/\/2horizontes.com\/index.php?rest_route=%2Fwp%2Fv2%2Fmedia&parent=32773"}],"wp:term":[{"taxonomy":"category","embeddable":true,"href":"https:\/\/2horizontes.com\/index.php?rest_route=%2Fwp%2Fv2%2Fcategories&post=32773"},{"taxonomy":"post_tag","embeddable":true,"href":"https:\/\/2horizontes.com\/index.php?rest_route=%2Fwp%2Fv2%2Ftags&post=32773"}],"curies":[{"name":"wp","href":"https:\/\/api.w.org\/{rel}","templated":true}]}}