{"id":32762,"date":"2015-11-16T10:24:42","date_gmt":"2015-11-16T09:24:42","guid":{"rendered":"http:\/\/2horizontes.com\/?p=32762"},"modified":"2015-11-16T10:24:42","modified_gmt":"2015-11-16T09:24:42","slug":"el-papa-dice-que-utilizar-a-dios-para-justificar-ataques-es-una-blasfemia","status":"publish","type":"post","link":"https:\/\/2horizontes.com\/?p=32762","title":{"rendered":"El papa dice que utilizar a Dios para justificar ataques es \u00abuna blasfemia\u00bb"},"content":{"rendered":"<div id=\"ArticleAuthorDiv\" class=\"article-body-author\"><b>EFE<\/b><\/div>\n<div id=\"ArticleSourceDiv\" class=\"article-body-author\"><b>Ciudad del Vaticano<\/b><\/div>\n<div id=\"ArticleBody\">\n<p>El papa Francisco denunci\u00f3 ayer la \u00abbarbarie\u00bb de los atentados cometidos en Par\u00eds y que dejaron al menos 129 muertos y dijo al final del rezo del \u00c1ngelus ante los fieles en la Plaza de San Pedro que utilizar el nombre de Dios para justificarlos \u00abes una blasfemia\u00bb.<\/p>\n<p>\u00abUtilizar el nombre de Dios para justificar esta v\u00eda es una blasfemia\u00bb, dijo el pont\u00edfice.<\/p>\n<p>\u00abTanta barbarie nos deja consternados y nos interroga sobre c\u00f3mo puede el coraz\u00f3n humano idear y cometer actos tan horribles, que han trastornado no solo a Francia sino al mundo entero\u00bb, agreg\u00f3 el pont\u00edfice.<\/p>\n<p>\u00abAnte semejantes actos, no se puede no condenar la afrenta incalificable a la dignidad de la persona humana\u00bb, agreg\u00f3 el papa ante miles de fieles desde el balc\u00f3n del Palacio Apost\u00f3lico.<\/p>\n<p>Jorge Mario Bergoglio quiso \u00abreafirmar con vigor que la v\u00eda de la violencia y del odio no resuelve los problemas de la humanidad\u00bb.<\/p>\n<p>El papa reiter\u00f3, como hab\u00eda hecho el s\u00e1bado al conocer la noticia de los atentados en Par\u00eds, su \u00abprofundo dolor\u00bb por los ataques y envi\u00f3 sus condolencias \u00abal presidente de la Rep\u00fablica Francesa y a todos los ciudadanos\u00bb.<\/p>\n<p>\u00abSoy especialmente cercano a los familiares de cuantos han perdido la vida y a los heridos\u00bb, agreg\u00f3.<\/p>\n<p>El papa aludi\u00f3 a los atentados de Par\u00eds despu\u00e9s de comentar el Evangelio de hoy, que recuerda las palabras de Jes\u00fas sobre los \u00ab\u00faltimos acontecimientos de la historia humana\u00bb y se refiri\u00f3 a las \u00abguerras, hambrunas y cat\u00e1strofes c\u00f3smicas\u00bb mencionadas en aquella ocasi\u00f3n.<\/p>\n<p>\u00abEl problema no es el &#8216;cu\u00e1ndo&#8217; suceder\u00e1n los signos premonitorios de los \u00faltimos tiempos, sino el estar preparados. Y no se trata tampoco de saber &#8216;c\u00f3mo&#8217; ocurrir\u00e1n esas cosas, sino &#8216;c\u00f3mo&#8217; debemos comportarnos mientras las esperamos\u00bb, dijo Bergoglio.<\/p>\n<\/div>\n","protected":false},"excerpt":{"rendered":"<p>EFE Ciudad del Vaticano El papa Francisco denunci\u00f3 ayer la \u00abbarbarie\u00bb de los atentados cometidos en Par\u00eds y que dejaron al menos 129 muertos y dijo al final del rezo del \u00c1ngelus ante los fieles en la Plaza de San Pedro que utilizar el nombre de Dios para justificarlos \u00abes una blasfemia\u00bb. \u00abUtilizar el nombre [&hellip;]<\/p>\n","protected":false},"author":7,"featured_media":32763,"comment_status":"open","ping_status":"open","sticky":false,"template":"","format":"standard","meta":{"footnotes":""},"categories":[86,40],"tags":[],"class_list":["post-32762","post","type-post","status-publish","format-standard","has-post-thumbnail","hentry","category-europa","category-internacionales"],"_links":{"self":[{"href":"https:\/\/2horizontes.com\/index.php?rest_route=\/wp\/v2\/posts\/32762","targetHints":{"allow":["GET"]}}],"collection":[{"href":"https:\/\/2horizontes.com\/index.php?rest_route=\/wp\/v2\/posts"}],"about":[{"href":"https:\/\/2horizontes.com\/index.php?rest_route=\/wp\/v2\/types\/post"}],"author":[{"embeddable":true,"href":"https:\/\/2horizontes.com\/index.php?rest_route=\/wp\/v2\/users\/7"}],"replies":[{"embeddable":true,"href":"https:\/\/2horizontes.com\/index.php?rest_route=%2Fwp%2Fv2%2Fcomments&post=32762"}],"version-history":[{"count":1,"href":"https:\/\/2horizontes.com\/index.php?rest_route=\/wp\/v2\/posts\/32762\/revisions"}],"predecessor-version":[{"id":32764,"href":"https:\/\/2horizontes.com\/index.php?rest_route=\/wp\/v2\/posts\/32762\/revisions\/32764"}],"wp:featuredmedia":[{"embeddable":true,"href":"https:\/\/2horizontes.com\/index.php?rest_route=\/wp\/v2\/media\/32763"}],"wp:attachment":[{"href":"https:\/\/2horizontes.com\/index.php?rest_route=%2Fwp%2Fv2%2Fmedia&parent=32762"}],"wp:term":[{"taxonomy":"category","embeddable":true,"href":"https:\/\/2horizontes.com\/index.php?rest_route=%2Fwp%2Fv2%2Fcategories&post=32762"},{"taxonomy":"post_tag","embeddable":true,"href":"https:\/\/2horizontes.com\/index.php?rest_route=%2Fwp%2Fv2%2Ftags&post=32762"}],"curies":[{"name":"wp","href":"https:\/\/api.w.org\/{rel}","templated":true}]}}