{"id":32746,"date":"2015-11-16T01:29:26","date_gmt":"2015-11-16T00:29:26","guid":{"rendered":"http:\/\/2horizontes.com\/?p=32746"},"modified":"2015-11-16T01:29:26","modified_gmt":"2015-11-16T00:29:26","slug":"abinader-opcion-continuista-pierde-respaldo-y-entra-en-descomposicion","status":"publish","type":"post","link":"https:\/\/2horizontes.com\/?p=32746","title":{"rendered":"Abinader: \u201cOpci\u00f3n continuista\u201d pierde respaldo y entra en descomposici\u00f3n"},"content":{"rendered":"<p>SANTO DOMINGO.- El candidato presidencial del Partido Revolucionario Moderno, Luis Abinader, dijo que el respaldo popular a su propuesta pol\u00edtica crece y se fortalece cada d\u00eda, mientras \u201cla opci\u00f3n continuista ha entrado en descomposici\u00f3n y debilitamiento\u201d.<\/p>\n<p>\u201cMientras las masas se abrazan esperanzadas a las propuestas de cambio que representa nuestra candidatura, de poner al pa\u00eds al d\u00eda con una agenda de transformaciones econ\u00f3micas, sociales y pol\u00edticas, la opci\u00f3n de darle continuidad al cr\u00edtico estado del pa\u00eds, que personifica el presidente Danilo Medina, \u00a0ha entrado en descomposici\u00f3n, \u00a0p\u00e9rdida de credibilidad y rechazo\u201d, declar\u00f3.<\/p>\n<p>Abinader hizo este pronunciamiento al proclamar la candidatura de Jos\u00e9 And\u00fajar a la alcald\u00eda de Santo Domingo Oeste, en un acto en el sector de Las Palmas de Herrera, donde se destac\u00f3 la presencia del ex presidente Hip\u00f3lito Mej\u00eda y otros directivos del PRM.<\/p>\n<p>And\u00fajar fue hasta hace poco el m\u00e1s destacado dirigente del PLD en ese municipio, donde adem\u00e1s \u00a0fue candidato a alcalde en las pasadas elecciones,\u00a0quedando a menos de mil votos de obtener la victoria. \u00a0Es\u00a0\u00a0l\u00edder de un amplio movimiento de dirigentes y militantes del\u00a0 oficialista Partido de la Liberaci\u00f3n Dominicana que pas\u00f3 a respaldar a Abinader y las candidaturas del Partido Revolucionario Moderno y aliados, dice una nota de prensa remitida a ALMOMENTO.NET.<\/p>\n<p>Agrega que en ese municipio tambi\u00e9n renunci\u00f3 del PLD El\u00edas B\u00e1ez, quien pas\u00f3 a respaldar a Abinader. Hasta la pasada semana B\u00e1ez fue precandidato a diputado pelede\u00edsta. Es un ex fiscal que goza de alto prestigio en el municipio.<\/p>\n<p><strong>\u00a0<\/strong><strong>And\u00fajar dice habr\u00e1 \u00e9xodo de pelede\u00edstas<\/strong><\/p>\n<p><a href=\"http:\/\/almomento.net\/wp-content\/uploads\/2015\/11\/Acto-Abinader-domingo-1.jpg\"><img loading=\"lazy\" decoding=\"async\" class=\" wp-image-154451 alignright\" src=\"http:\/\/almomento.net\/wp-content\/uploads\/2015\/11\/Acto-Abinader-domingo-1-300x200.jpg\" alt=\"Acto Abinader domingo 1\" width=\"353\" height=\"235\" \/><\/a>Al exponer las razones de\u00a0 su integraci\u00f3n a la nueva fuerza representada por el PRM,\u00a0 And\u00fajar \u00a0dijo que junto a \u00e9l asumir\u00e1n la ruta del cambio miles de pelede\u00edstas inconformes con las promesas\u00a0 incumplidas de Danilo Medina y el fracaso de la gesti\u00f3n de las autoridades que hasta ahora han dirigido el ayuntamiento de Santo Domingo Oeste.<\/p>\n<p>Sostuvo que\u00a0 cada\u00a0 d\u00eda es mayor la \u00a0inconformidad de los habitantes de Santo Domingo Oeste por \u00a0la incapacidad de las actuales autoridades municipales de gerenciar con un nivel m\u00ednimo de eficiencia los servicios b\u00e1sicos que debe recibir la poblaci\u00f3n \u00a0y de darle al municipio un rostro de ciudad que lo defina como \u00a0un territorio urbano con \u00a0identidad propia.<\/p>\n<p>Se comprometi\u00f3 a trabajar hombro con hombro con los dirigentes y militantes del PRM no solo para ganar las elecciones y hacer una gesti\u00f3n ejemplar en el \u00e1mbito municipal, sino tambi\u00e9n para garantizar una abrumadora victoria de Luis Abinader para hacer posible el cambio de rumbo que demanda el pa\u00eds.<\/p>\n<p>Andujar estuvo acompa\u00f1ado por su esposa Taty Matos,ex diputada del PLD por Pedernales y otros familiares.<\/p>\n<p>Entre los dirigentes perreme\u00edstas presentes estuvieron el secretario general Jes\u00fas V\u00e1squez Mart\u00ednez, el coordinador nacional de campa\u00f1a Roberto Fulcar, el director ejecutivo de campa\u00f1a Cesar Cede\u00f1o, el presidente provincial Rafael Santos, entre otros altos dirigentes nacionales, provinciales y municipales.<\/p>\n<div class=\"mom-social-share ss-horizontal border-box\"><\/div>\n<p>&nbsp;<\/p>\n","protected":false},"excerpt":{"rendered":"<p>SANTO DOMINGO.- El candidato presidencial del Partido Revolucionario Moderno, Luis Abinader, dijo que el respaldo popular a su propuesta pol\u00edtica crece y se fortalece cada d\u00eda, mientras \u201cla opci\u00f3n continuista ha entrado en descomposici\u00f3n y debilitamiento\u201d. \u201cMientras las masas se abrazan esperanzadas a las propuestas de cambio que representa nuestra candidatura, de poner al pa\u00eds [&hellip;]<\/p>\n","protected":false},"author":1,"featured_media":32747,"comment_status":"open","ping_status":"open","sticky":false,"template":"","format":"standard","meta":{"footnotes":""},"categories":[43,44],"tags":[],"class_list":["post-32746","post","type-post","status-publish","format-standard","has-post-thumbnail","hentry","category-politica","category-republica-dominicana"],"_links":{"self":[{"href":"https:\/\/2horizontes.com\/index.php?rest_route=\/wp\/v2\/posts\/32746","targetHints":{"allow":["GET"]}}],"collection":[{"href":"https:\/\/2horizontes.com\/index.php?rest_route=\/wp\/v2\/posts"}],"about":[{"href":"https:\/\/2horizontes.com\/index.php?rest_route=\/wp\/v2\/types\/post"}],"author":[{"embeddable":true,"href":"https:\/\/2horizontes.com\/index.php?rest_route=\/wp\/v2\/users\/1"}],"replies":[{"embeddable":true,"href":"https:\/\/2horizontes.com\/index.php?rest_route=%2Fwp%2Fv2%2Fcomments&post=32746"}],"version-history":[{"count":1,"href":"https:\/\/2horizontes.com\/index.php?rest_route=\/wp\/v2\/posts\/32746\/revisions"}],"predecessor-version":[{"id":32748,"href":"https:\/\/2horizontes.com\/index.php?rest_route=\/wp\/v2\/posts\/32746\/revisions\/32748"}],"wp:featuredmedia":[{"embeddable":true,"href":"https:\/\/2horizontes.com\/index.php?rest_route=\/wp\/v2\/media\/32747"}],"wp:attachment":[{"href":"https:\/\/2horizontes.com\/index.php?rest_route=%2Fwp%2Fv2%2Fmedia&parent=32746"}],"wp:term":[{"taxonomy":"category","embeddable":true,"href":"https:\/\/2horizontes.com\/index.php?rest_route=%2Fwp%2Fv2%2Fcategories&post=32746"},{"taxonomy":"post_tag","embeddable":true,"href":"https:\/\/2horizontes.com\/index.php?rest_route=%2Fwp%2Fv2%2Ftags&post=32746"}],"curies":[{"name":"wp","href":"https:\/\/api.w.org\/{rel}","templated":true}]}}