{"id":32740,"date":"2015-11-16T00:37:41","date_gmt":"2015-11-15T23:37:41","guid":{"rendered":"http:\/\/2horizontes.com\/?p=32740"},"modified":"2015-11-16T00:38:01","modified_gmt":"2015-11-15T23:38:01","slug":"diez-muertos-en-el-peor-accidente-de-un-tren-tgv-de-alta-velocidad-en-francia","status":"publish","type":"post","link":"https:\/\/2horizontes.com\/?p=32740","title":{"rendered":"Diez muertos en el peor accidente de un tren TGV de alta velocidad en Francia"},"content":{"rendered":"<p class=\"story-body__introduction\">Un tren de alta velocidad, TGV, descarril\u00f3 este s\u00e1bado cerca de la ciudad de Estrasburgo, en el este de Francia.<\/p>\n<p>Al menos <strong>diez personas murieron y 11 sufrieron heridas serias<\/strong>, seg\u00fan informaciones oficiales.<\/p>\n<p>El tren transportaba a 49 t\u00e9cnicos de ferrocarriles cuando <strong>descarril\u00f3, se incendi\u00f3 y cay\u00f3 en un canal<\/strong>.<\/p>\n<p>Los heridos han sido llevados al hospital en helic\u00f3ptero.<\/p>\n<h2 class=\"story-body__crosshead\">El peor accidente de TGV<\/h2>\n<figure class=\"media-landscape has-caption body-narrow-width\"><span class=\"image-and-copyright-container\"><img loading=\"lazy\" decoding=\"async\" class=\"js-image-replace alignleft\" src=\"http:\/\/ichef.bbci.co.uk\/news\/ws\/304\/amz\/worldservice\/live\/assets\/images\/2015\/11\/14\/151114214615_segolene_royal_tgv_304x171_epa.jpg\" alt=\"Segolene Royal\" width=\"304\" height=\"171\" \/><\/span><\/figure>\n<figure class=\"media-landscape has-caption body-narrow-width\">La ministra de Ecolog\u00eda, Segolene Royal visit\u00f3 el lugar del incidente.<\/figure>\n<p>Seg\u00fan informaci\u00f3n oficial el incidente <strong>se debi\u00f3 a un \u00abexceso de velocidad\u00bb<\/strong>; los trenes TGV son capaces de superar los<strong>300 km\/h<\/strong>.<\/p>\n<p>En fotos tomadas tras el descarrilamiento se ve a la locomotora parcialmente sumergida; tambi\u00e9n hab\u00eda partes del tren en un campo alrededor de las v\u00edas.<\/p>\n<p>Seg\u00fan reportes, estaba estimado que la l\u00ednea Par\u00eds-Estrasburgo de alta velocidad fuera inaugurada el pr\u00f3ximo a\u00f1o.<\/p>\n<p>El secretario de Estado de transporte, Alain Vidalies, y la ministra de Ecolog\u00eda, Segolene Royal, visitaron el lugar del incidente.<\/p>\n<figure class=\"media-landscape has-caption full-width\"><span class=\"image-and-copyright-container\"><img loading=\"lazy\" decoding=\"async\" class=\"js-image-replace\" src=\"http:\/\/ichef.bbci.co.uk\/news\/ws\/624\/amz\/worldservice\/live\/assets\/images\/2015\/11\/14\/151114215047_francia_tren_tgv_ruedas_624x351_ap_nocredit.jpg\" alt=\"Ruedas del tren junto a un canal\" width=\"624\" height=\"351\" \/><\/span><\/figure>\n<figure class=\"media-landscape has-caption full-width\">La locomotora cay\u00f3 en un canal y partes del tren quedaron dispersas en los campos que rodean las v\u00edas.<\/figure>\n<p><strong>\u00abUn infortunio que se suma a la amargura\u00bb<\/strong>, tuite\u00f3 desde el lugar Royal, en referencia a que el descarrilamiento llega apenas un d\u00eda despu\u00e9s de los ataques de Par\u00eds, que dejaron al menos 129 muertos y m\u00e1s de 300 heridos.<\/p>\n<p><strong>Lea: As\u00ed fueron los ataques de Estado Isl\u00e1mico que estremecieron a Par\u00eds un viernes 13<\/strong><\/p>\n<p>El de este s\u00e1bado es el <strong>accidente de TGV con mayor n\u00famero de v\u00edctimas mortales<\/strong> desde que el servicio comenz\u00f3 a operar en 1981.<\/p>\n","protected":false},"excerpt":{"rendered":"<p>Un tren de alta velocidad, TGV, descarril\u00f3 este s\u00e1bado cerca de la ciudad de Estrasburgo, en el este de Francia. Al menos diez personas murieron y 11 sufrieron heridas serias, seg\u00fan informaciones oficiales. El tren transportaba a 49 t\u00e9cnicos de ferrocarriles cuando descarril\u00f3, se incendi\u00f3 y cay\u00f3 en un canal. Los heridos han sido llevados [&hellip;]<\/p>\n","protected":false},"author":1,"featured_media":32741,"comment_status":"open","ping_status":"open","sticky":false,"template":"","format":"standard","meta":{"footnotes":""},"categories":[86,40],"tags":[],"class_list":["post-32740","post","type-post","status-publish","format-standard","has-post-thumbnail","hentry","category-europa","category-internacionales"],"_links":{"self":[{"href":"https:\/\/2horizontes.com\/index.php?rest_route=\/wp\/v2\/posts\/32740","targetHints":{"allow":["GET"]}}],"collection":[{"href":"https:\/\/2horizontes.com\/index.php?rest_route=\/wp\/v2\/posts"}],"about":[{"href":"https:\/\/2horizontes.com\/index.php?rest_route=\/wp\/v2\/types\/post"}],"author":[{"embeddable":true,"href":"https:\/\/2horizontes.com\/index.php?rest_route=\/wp\/v2\/users\/1"}],"replies":[{"embeddable":true,"href":"https:\/\/2horizontes.com\/index.php?rest_route=%2Fwp%2Fv2%2Fcomments&post=32740"}],"version-history":[{"count":1,"href":"https:\/\/2horizontes.com\/index.php?rest_route=\/wp\/v2\/posts\/32740\/revisions"}],"predecessor-version":[{"id":32742,"href":"https:\/\/2horizontes.com\/index.php?rest_route=\/wp\/v2\/posts\/32740\/revisions\/32742"}],"wp:featuredmedia":[{"embeddable":true,"href":"https:\/\/2horizontes.com\/index.php?rest_route=\/wp\/v2\/media\/32741"}],"wp:attachment":[{"href":"https:\/\/2horizontes.com\/index.php?rest_route=%2Fwp%2Fv2%2Fmedia&parent=32740"}],"wp:term":[{"taxonomy":"category","embeddable":true,"href":"https:\/\/2horizontes.com\/index.php?rest_route=%2Fwp%2Fv2%2Fcategories&post=32740"},{"taxonomy":"post_tag","embeddable":true,"href":"https:\/\/2horizontes.com\/index.php?rest_route=%2Fwp%2Fv2%2Ftags&post=32740"}],"curies":[{"name":"wp","href":"https:\/\/api.w.org\/{rel}","templated":true}]}}