{"id":32737,"date":"2015-11-16T00:33:24","date_gmt":"2015-11-15T23:33:24","guid":{"rendered":"http:\/\/2horizontes.com\/?p=32737"},"modified":"2015-11-16T00:33:24","modified_gmt":"2015-11-15T23:33:24","slug":"libano-de-luto-tras-ataques-de-estado-islamico-en-beirut-los-mas-mortiferos-en-25-anos","status":"publish","type":"post","link":"https:\/\/2horizontes.com\/?p=32737","title":{"rendered":"L\u00edbano de luto tras ataques de Estado Isl\u00e1mico en Beirut, los m\u00e1s mort\u00edferos en 25 a\u00f1os"},"content":{"rendered":"<p class=\"story-body__introduction\">L\u00edbano ha declarado un d\u00eda de luto oficial por los ataques que dejaron al menos 41 v\u00edctimas mortales y 200 heridos, tras la explosi\u00f3n el jueves de dos bombas suicidas en su capital, Beirut.<\/p>\n<p>Fueron <strong>los atentados m\u00e1s mort\u00edferos en L\u00edbano en 25 a\u00f1os<\/strong>, desde el final de la guerra civil, en 1990.<\/p>\n<p>El autodenominado gupo Estado Isl\u00e1mico (EI) se atribuy\u00f3 la autor\u00eda de los ataques, que tuvieron lugar en Burj al-Barajneh, un \u00e1rea mayoritamente chi\u00edta y basti\u00f3n del grupo isl\u00e1mico liban\u00e9s Hezbol\u00e1, el cual est\u00e1 luchando contra EI en la vecina Siria.<\/p>\n<p>Lee: Siete preguntas para entender qu\u00e9 es Estado Isl\u00e1mico y de d\u00f3nde surgi\u00f3<\/p>\n<p>El Ej\u00e9rcito liban\u00e9s dijo que dos hombres con bombas suicidas perpetraron el atentado.<\/p>\n<p>El primero de ellos deton\u00f3 su chaleco explosivo frente a una mezquita chi\u00edta y el segundo de ellos se inmol\u00f3 dentro de una panader\u00eda cercana.<\/p>\n<p>El cuerpo de un tercer hombre que no lleg\u00f3 a detonar sus explosivos fue encontrado en la escena de la segunda explosi\u00f3n.<\/p>\n<h2 class=\"story-body__crosshead\">\u00abAtaque sat\u00e1nico\u00bb<\/h2>\n<figure class=\"media-landscape has-caption full-width\"><span class=\"image-and-copyright-container\"><img loading=\"lazy\" decoding=\"async\" class=\"js-image-replace\" src=\"http:\/\/ichef.bbci.co.uk\/news\/ws\/624\/amz\/worldservice\/live\/assets\/images\/2015\/11\/15\/151115123251_beirut_624x351_getty_nocredit.jpg\" alt=\"Beirut est\u00e1 de luto: ataques de Estado Isl\u00e1mico\" width=\"624\" height=\"351\" \/><\/span><\/figure>\n<figure class=\"media-landscape has-caption full-width\"><span class=\"media-caption__text\">Fue el atentado m\u00e1s mort\u00edfero en el pa\u00eds en los \u00faltimos 25 a\u00f1os.<\/span><\/figure>\n<figure class=\"media-landscape has-caption full-width\"><span class=\"image-and-copyright-container\"><img loading=\"lazy\" decoding=\"async\" class=\"js-image-replace\" src=\"http:\/\/ichef-1.bbci.co.uk\/news\/ws\/624\/amz\/worldservice\/live\/assets\/images\/2015\/11\/15\/151115124148_beirut_624x351_epa_nocredit.jpg\" alt=\"Beirut est\u00e1 de luto: ataques de Estado Isl\u00e1mico\" width=\"624\" height=\"351\" \/><span class=\"off-screen\">Image copyright<\/span><span class=\"story-image-copyright\">EPA<\/span><\/span><figcaption class=\"media-caption\"><span class=\"off-screen\">Image caption<\/span><span class=\"media-caption__text\">El atentado provoc\u00f3 la muerte de 41 personas y dej\u00f3 cerca de 200 heridos.<\/span><\/figcaption><\/figure>\n<figure class=\"media-landscape has-caption full-width\"><span class=\"image-and-copyright-container\"><img loading=\"lazy\" decoding=\"async\" class=\"js-image-replace\" src=\"http:\/\/ichef.bbci.co.uk\/news\/ws\/624\/amz\/worldservice\/live\/assets\/images\/2015\/11\/15\/151115124401_beirut_624x351_reuters_nocredit.jpg\" alt=\"Beirut est\u00e1 de luto: ataques de Estado Isl\u00e1mico\" width=\"624\" height=\"351\" \/><\/span><\/figure>\n<figure class=\"media-landscape has-caption full-width\">Hospitales del pa\u00eds hicieron un llamamiento para que la gente done sangre.<\/figure>\n<p>Un comunicado de EI asegur\u00f3 que \u00absus soldados del califato detonaron los explosivos, que hab\u00edan escondido en una moto\u00bb. Identificaron a los tres atacantes como dos palestinos y un sirio.<\/p>\n<p>Hezbol\u00e1 acus\u00f3 al grupo yihadista de atacar a civiles inocentes. \u00abFue<strong> un ataque terrorista sat\u00e1nico<\/strong>\u00ab, declararon fuentes de Hezbol\u00e1 a la agencia noticiosa Associated Press.<\/p>\n<p>El grupo chi\u00edta liban\u00e9s advirti\u00f3 que realizar\u00eda una \u00ablarga guerra\u00bb contra sus enemigos, seg\u00fan report\u00f3 la agencia de noticias Reuters.<\/p>\n<p>El analista de asuntos \u00e1rabes de BBC, Sebastian Usher, dijo que \u00abno sorprende que EI se atribuyera los ataques, pero la ferocidad de \u00e9stos volver\u00e1 a despertar el fantasma de la guerra civil del pa\u00eds, que dur\u00f3 15 a\u00f1os\u00bb.<\/p>\n<figure class=\"media-landscape has-caption body-narrow-width\"><span class=\"image-and-copyright-container\"><img loading=\"lazy\" decoding=\"async\" class=\"js-image-replace alignleft\" src=\"http:\/\/ichef.bbci.co.uk\/news\/ws\/304\/amz\/worldservice\/live\/assets\/images\/2015\/11\/15\/151115124934_tammam_salam_304x171_getty_nocredit.jpg\" alt=\"tammam Salam\" width=\"304\" height=\"171\" \/><\/span><figcaption class=\"media-caption\"><span class=\"media-caption__text\">El primer ministro liban\u00e9s, Tammam Salam, dijo que los ataques son \u00abinjustificables\u00bb<\/span><\/figcaption><\/figure>\n<p>El Primer Ministro liban\u00e9s, Tammam Salam, <strong>hizo una llamada a la unidad frente a los conflictos y defini\u00f3 el ataque como \u00abinjustificable\u00bb<\/strong>.<\/p>\n<p>Por su parte, Estados Unidos emiti\u00f3 un comunicado y conden\u00f3 los \u00abhorribles ataques terroristas\u00bb.<\/p>\n<p>Las autoridades de Washington aseguraron que estos ataques \u00abs\u00f3lo servir\u00e1n para reforzar nuestro compromiso para apoyar a las instituciones del Estado liban\u00e9s, incluidos los servicios de seguridad, para asegurar un L\u00edbano estable, soberano y seguro\u00bb.<\/p>\n<p>Ir\u00e1n, aliado estrat\u00e9gico de Hezbol\u00e1, tambi\u00e9n conden\u00f3 los ataques.<\/p>\n","protected":false},"excerpt":{"rendered":"<p>L\u00edbano ha declarado un d\u00eda de luto oficial por los ataques que dejaron al menos 41 v\u00edctimas mortales y 200 heridos, tras la explosi\u00f3n el jueves de dos bombas suicidas en su capital, Beirut. Fueron los atentados m\u00e1s mort\u00edferos en L\u00edbano en 25 a\u00f1os, desde el final de la guerra civil, en 1990. El autodenominado [&hellip;]<\/p>\n","protected":false},"author":1,"featured_media":32738,"comment_status":"open","ping_status":"open","sticky":false,"template":"","format":"standard","meta":{"footnotes":""},"categories":[40],"tags":[],"class_list":["post-32737","post","type-post","status-publish","format-standard","has-post-thumbnail","hentry","category-internacionales"],"_links":{"self":[{"href":"https:\/\/2horizontes.com\/index.php?rest_route=\/wp\/v2\/posts\/32737","targetHints":{"allow":["GET"]}}],"collection":[{"href":"https:\/\/2horizontes.com\/index.php?rest_route=\/wp\/v2\/posts"}],"about":[{"href":"https:\/\/2horizontes.com\/index.php?rest_route=\/wp\/v2\/types\/post"}],"author":[{"embeddable":true,"href":"https:\/\/2horizontes.com\/index.php?rest_route=\/wp\/v2\/users\/1"}],"replies":[{"embeddable":true,"href":"https:\/\/2horizontes.com\/index.php?rest_route=%2Fwp%2Fv2%2Fcomments&post=32737"}],"version-history":[{"count":1,"href":"https:\/\/2horizontes.com\/index.php?rest_route=\/wp\/v2\/posts\/32737\/revisions"}],"predecessor-version":[{"id":32739,"href":"https:\/\/2horizontes.com\/index.php?rest_route=\/wp\/v2\/posts\/32737\/revisions\/32739"}],"wp:featuredmedia":[{"embeddable":true,"href":"https:\/\/2horizontes.com\/index.php?rest_route=\/wp\/v2\/media\/32738"}],"wp:attachment":[{"href":"https:\/\/2horizontes.com\/index.php?rest_route=%2Fwp%2Fv2%2Fmedia&parent=32737"}],"wp:term":[{"taxonomy":"category","embeddable":true,"href":"https:\/\/2horizontes.com\/index.php?rest_route=%2Fwp%2Fv2%2Fcategories&post=32737"},{"taxonomy":"post_tag","embeddable":true,"href":"https:\/\/2horizontes.com\/index.php?rest_route=%2Fwp%2Fv2%2Ftags&post=32737"}],"curies":[{"name":"wp","href":"https:\/\/api.w.org\/{rel}","templated":true}]}}