{"id":32734,"date":"2015-11-16T00:01:47","date_gmt":"2015-11-15T23:01:47","guid":{"rendered":"http:\/\/2horizontes.com\/?p=32734"},"modified":"2015-11-16T00:01:47","modified_gmt":"2015-11-15T23:01:47","slug":"francia-avisa-que-uno-de-los-terroristas-puede-haber-huido-a-espana","status":"publish","type":"post","link":"https:\/\/2horizontes.com\/?p=32734","title":{"rendered":"Francia avisa que uno de los terroristas puede haber hu\u00eddo a Espa\u00f1a"},"content":{"rendered":"<h2 class=\"SubTitulo\">Se trata de Salah Abdesalam, que presuntamente particip\u00f3 dando apoyo log\u00edstico en los ataques y es hermano de uno de los kamikazes<\/h2>\n<p>&nbsp;<\/p>\n<p>Las autoridades francesas han alertado a Espa\u00f1a de que Salah Abdesalam, uno de los terroristas buscados por los atentados de Par\u00eds, puede haber hu\u00eddo a territorio espa\u00f1ol.<\/p>\n<p>La polic\u00eda francesa cree que Salah colabor\u00f3 aportando apoyo log\u00edstico a los terroristas autores de los atentados m\u00faltiples de Par\u00eds. De hecho, entre los kamikazes est\u00e1 su hermano Ibrahim Abdeslam.<\/p>\n<p>Francia ha trasladado informaci\u00f3n sobre esta persona a los servicios antiterroristas por si pueden colaborar a la hora de dar con el\u00a0paradero de Salah<br \/>\n<strong>CORPULENTO Y PELIGROSO<\/strong><\/p>\n<p>En la informaci\u00f3n remitida por los investigadores galos se detalla que esta persona se llama Abdeslam Salah, que naci\u00f3 en Bruselas (B\u00e9lgica) el 15 de septiembre de 1989, aunque cuenta con nacionalidad francesa y se le califica como un \u00ab\u00bbindividuo peligroso\u00bb. La propia polic\u00eda francesa ha difundido su foto y sus datos en busca de colaboraci\u00f3n ciudadana.<\/p>\n<p>En cuanto a sus rasgos f\u00edsicos, mide 1,75 cent\u00edmetros y se trata de una persona corpulenta con ojos marrones. En la informaci\u00f3n que han trasladado los investigadores franceses a las polic\u00edas espa\u00f1olas, entre ellas Espa\u00f1a, se aportan otros datos como el nombre de los padres del sospechoso: Abderrahma y Yamina Faklan, seg\u00fan las mismas fuentes consultadas.<\/p>\n","protected":false},"excerpt":{"rendered":"<p>Se trata de Salah Abdesalam, que presuntamente particip\u00f3 dando apoyo log\u00edstico en los ataques y es hermano de uno de los kamikazes &nbsp; Las autoridades francesas han alertado a Espa\u00f1a de que Salah Abdesalam, uno de los terroristas buscados por los atentados de Par\u00eds, puede haber hu\u00eddo a territorio espa\u00f1ol. La polic\u00eda francesa cree que [&hellip;]<\/p>\n","protected":false},"author":1,"featured_media":32735,"comment_status":"open","ping_status":"open","sticky":false,"template":"","format":"standard","meta":{"footnotes":""},"categories":[85,86,40],"tags":[],"class_list":["post-32734","post","type-post","status-publish","format-standard","has-post-thumbnail","hentry","category-espana","category-europa","category-internacionales"],"_links":{"self":[{"href":"https:\/\/2horizontes.com\/index.php?rest_route=\/wp\/v2\/posts\/32734","targetHints":{"allow":["GET"]}}],"collection":[{"href":"https:\/\/2horizontes.com\/index.php?rest_route=\/wp\/v2\/posts"}],"about":[{"href":"https:\/\/2horizontes.com\/index.php?rest_route=\/wp\/v2\/types\/post"}],"author":[{"embeddable":true,"href":"https:\/\/2horizontes.com\/index.php?rest_route=\/wp\/v2\/users\/1"}],"replies":[{"embeddable":true,"href":"https:\/\/2horizontes.com\/index.php?rest_route=%2Fwp%2Fv2%2Fcomments&post=32734"}],"version-history":[{"count":1,"href":"https:\/\/2horizontes.com\/index.php?rest_route=\/wp\/v2\/posts\/32734\/revisions"}],"predecessor-version":[{"id":32736,"href":"https:\/\/2horizontes.com\/index.php?rest_route=\/wp\/v2\/posts\/32734\/revisions\/32736"}],"wp:featuredmedia":[{"embeddable":true,"href":"https:\/\/2horizontes.com\/index.php?rest_route=\/wp\/v2\/media\/32735"}],"wp:attachment":[{"href":"https:\/\/2horizontes.com\/index.php?rest_route=%2Fwp%2Fv2%2Fmedia&parent=32734"}],"wp:term":[{"taxonomy":"category","embeddable":true,"href":"https:\/\/2horizontes.com\/index.php?rest_route=%2Fwp%2Fv2%2Fcategories&post=32734"},{"taxonomy":"post_tag","embeddable":true,"href":"https:\/\/2horizontes.com\/index.php?rest_route=%2Fwp%2Fv2%2Ftags&post=32734"}],"curies":[{"name":"wp","href":"https:\/\/api.w.org\/{rel}","templated":true}]}}