{"id":32721,"date":"2015-11-15T17:22:58","date_gmt":"2015-11-15T16:22:58","guid":{"rendered":"http:\/\/2horizontes.com\/?p=32721"},"modified":"2015-11-15T17:25:21","modified_gmt":"2015-11-15T16:25:21","slug":"madrid-batio-el-record-de-usuarios-en-la-emt-con-mas-de-un-millon-y-medio-de-viajeros","status":"publish","type":"post","link":"https:\/\/2horizontes.com\/?p=32721","title":{"rendered":"Madrid bati\u00f3 el viernes el r\u00e9cord de usuarios en la EMT con m\u00e1s de un mill\u00f3n y medio de viajeros"},"content":{"rendered":"<p>La delegada de Medio Ambiente y Movilidad, In\u00e9s Saban\u00e9s, ha explicado hoy s\u00e1bado que el viernes se produjo el r\u00e9cord de utilizaci\u00f3n del autob\u00fas que reforz\u00f3 para la ocasi\u00f3n 55 l\u00edneas en lo que va de a\u00f1o, y es que utilizaron el autob\u00fas 1.574.249 viajeros, \u00abde los cuales 461.373 correspond\u00edan a utilizaci\u00f3n l\u00edneas especiales\u00bb.<\/p>\n<p>Saban\u00e9s ha a\u00f1adido que el nivel de sanciones ha sido \u00abbaj\u00edsimo\u00bb y ha adelantado que los datos exactos en este aspecto, as\u00ed como del tr\u00e1fico registrado o la evoluci\u00f3n de los niveles de contaminaci\u00f3n, ser\u00e1n anunciados el lunes o el martes pr\u00f3ximos.<\/p>\n<p>Las concentraciones de nitr\u00f3geno eran altas a la ca\u00edda de la tarde y primeras horas de la noche del viernes, aunque en menor medida que en los dos d\u00edas anteriores.<\/p>\n<p>Cinco de las 27 estaciones de la red municipal de medici\u00f3n de calidad del aire superaron el viernes 200 microgramos de NO2 por metro c\u00fabico, pero al no ser de la misma zona y durante dos horas consecutivas el Ayuntamiento no ha tenido que mantener activado el s\u00e1bado el protocolo.<\/p>\n<p>A lo largo del d\u00eda de hoy el tr\u00e1fico de veh\u00edculos ha recuperado la normalidad en Madrid despu\u00e9s de dos d\u00edas de restricciones obligadas por la alta contaminaci\u00f3n, medidas que los ciudadanos han acatado y cuya nueva aplicaci\u00f3n ser\u00e1 evaluada por el Ayuntamiento en funci\u00f3n de c\u00f3mo evolucione la calidad del aire.<\/p>\n<p>La alcaldesa de Madrid, Manuela Carmena, ha destacado hoy s\u00e1bado el \u00abalt\u00edsimo\u00bb nivel de cumplimiento registrado sobre las medidas obligatorias, mientras que la delegada de Medio Ambiente y Movilidad, In\u00e9s Saban\u00e9s, ha dicho que las previsiones meteorol\u00f3gicas para el lunes \u00abno son excesivamente optimistas\u00bb, por lo que -ha advertido- ser\u00eda reiniciado el ciclo restrictivo \u00absi ocurrieran picos de contaminaci\u00f3n\u00bb.<\/p>\n<p>Saban\u00e9s ha informado de que ante tal eventualidad hoy se reunir\u00e1 el Grupo Operativo coordinador de las actuaciones \u00a0del que forman parte el Estado, la Comunidad de Madrid y el Ayuntamiento- \u00abpara evaluar el cierre del escenario de ayer y las previsiones de la semana que viene\u00bb.<\/p>\n<p>El Ayuntamiento de Madrid desactiv\u00f3 para hoy s\u00e1bado el protocolo de medidas contra los altos niveles de contaminaci\u00f3n al mejorar la situaci\u00f3n en la ciudad, y levant\u00f3 las medidas que se aplicaron por primera vez en la historia de la capital durante el jueves y el viernes.<\/p>\n<p>Una vez que han descendido los niveles de NO2 (di\u00f3xido de nitr\u00f3geno) que provocaron la activaci\u00f3n del protocolo de contaminaci\u00f3n, queda desactivado y las medias de restricci\u00f3n de tr\u00e1fico y aparcamiento decretadas por el Ayuntamiento de Madrid\u00bb, dice el Ayuntamiento en un comunicado en el que a primera hora del s\u00e1bado informaba de la desactivaci\u00f3n del protocolo.<\/p>\n<p>Las medidas aplicadas en el marco del Protocolo ante episodios de alta contaminaci\u00f3n supusieron que el jueves y el viernes los conductores debieron reducir de 90 a 70 kil\u00f3metros por hora la velocidad m\u00e1xima de circulaci\u00f3n por la M-30 y por otros accesos a la ciudad.<\/p>\n<p>Adem\u00e1s, ante la persistencia de la contaminaci\u00f3n, el Ayuntamiento activ\u00f3 el viernes la segunda fase del protocolo, que impidi\u00f3 a los ciudadanos no residentes en el centro de Madrid poder aparcar en las zonas de estacionamiento regulado (SER) del centro de la capital.<\/p>\n","protected":false},"excerpt":{"rendered":"<p>La delegada de Medio Ambiente y Movilidad, In\u00e9s Saban\u00e9s, ha explicado hoy s\u00e1bado que el viernes se produjo el r\u00e9cord de utilizaci\u00f3n del autob\u00fas que reforz\u00f3 para la ocasi\u00f3n 55 l\u00edneas en lo que va de a\u00f1o, y es que utilizaron el autob\u00fas 1.574.249 viajeros, \u00abde los cuales 461.373 correspond\u00edan a utilizaci\u00f3n l\u00edneas especiales\u00bb. Saban\u00e9s [&hellip;]<\/p>\n","protected":false},"author":3,"featured_media":32722,"comment_status":"open","ping_status":"open","sticky":false,"template":"","format":"standard","meta":{"footnotes":""},"categories":[85],"tags":[],"class_list":["post-32721","post","type-post","status-publish","format-standard","has-post-thumbnail","hentry","category-espana"],"_links":{"self":[{"href":"https:\/\/2horizontes.com\/index.php?rest_route=\/wp\/v2\/posts\/32721","targetHints":{"allow":["GET"]}}],"collection":[{"href":"https:\/\/2horizontes.com\/index.php?rest_route=\/wp\/v2\/posts"}],"about":[{"href":"https:\/\/2horizontes.com\/index.php?rest_route=\/wp\/v2\/types\/post"}],"author":[{"embeddable":true,"href":"https:\/\/2horizontes.com\/index.php?rest_route=\/wp\/v2\/users\/3"}],"replies":[{"embeddable":true,"href":"https:\/\/2horizontes.com\/index.php?rest_route=%2Fwp%2Fv2%2Fcomments&post=32721"}],"version-history":[{"count":3,"href":"https:\/\/2horizontes.com\/index.php?rest_route=\/wp\/v2\/posts\/32721\/revisions"}],"predecessor-version":[{"id":32725,"href":"https:\/\/2horizontes.com\/index.php?rest_route=\/wp\/v2\/posts\/32721\/revisions\/32725"}],"wp:featuredmedia":[{"embeddable":true,"href":"https:\/\/2horizontes.com\/index.php?rest_route=\/wp\/v2\/media\/32722"}],"wp:attachment":[{"href":"https:\/\/2horizontes.com\/index.php?rest_route=%2Fwp%2Fv2%2Fmedia&parent=32721"}],"wp:term":[{"taxonomy":"category","embeddable":true,"href":"https:\/\/2horizontes.com\/index.php?rest_route=%2Fwp%2Fv2%2Fcategories&post=32721"},{"taxonomy":"post_tag","embeddable":true,"href":"https:\/\/2horizontes.com\/index.php?rest_route=%2Fwp%2Fv2%2Ftags&post=32721"}],"curies":[{"name":"wp","href":"https:\/\/api.w.org\/{rel}","templated":true}]}}