{"id":32630,"date":"2015-11-14T12:44:01","date_gmt":"2015-11-14T11:44:01","guid":{"rendered":"http:\/\/2horizontes.com\/?p=32630"},"modified":"2015-11-14T12:44:01","modified_gmt":"2015-11-14T11:44:01","slug":"impactantes-imagenes-de-los-ataques-en-paris","status":"publish","type":"post","link":"https:\/\/2horizontes.com\/?p=32630","title":{"rendered":"Impactantes im\u00e1genes de los ataques en Par\u00eds"},"content":{"rendered":"<div class=\"story-body\">\n<div class=\"story-body__inner\">\n<figure class=\"media-landscape has-caption full-width lead\"><span class=\"image-and-copyright-container\"><img loading=\"lazy\" decoding=\"async\" class=\"js-image-replace\" src=\"http:\/\/ichef-1.bbci.co.uk\/news\/ws\/660\/amz\/worldservice\/live\/assets\/images\/2015\/11\/14\/151114025730_sp_france_attacks_solidarity_640x360_reuters_nocredit.jpg\" alt=\"Abrazo\" width=\"640\" height=\"360\" \/><span class=\"off-screen\">Image\u00a0<\/span><\/span>Como una \u00abnoche de horror\u00bb se ha descrito lo sucedido este viernes en la capital francesa, Par\u00eds, donde una serie de ataques causaron al menos 120 muertos.<\/figure>\n<p class=\"story-body__introduction\">Las autoridades francesas reportaron m\u00e1s de 120 muertos en varios ataques registrados este viernes en la capital de Francia, Par\u00eds.<\/p>\n<p>En el noreste de la capital francesa se registraron al menos dos tiroteos. Tambi\u00e9n hubo explosiones en el estadio de f\u00fatbol en el que Francia jugaba contra Alemania.<\/p>\n<p>Lee tambi\u00e9n: Estado de emergencia y fronteras cerradas en Francia tras ataques que causan al menos 36 muertos en Par\u00eds<\/p>\n<p>En el incidente m\u00e1s grave de a jornada, varios atacantes entraron en la sala de Le Bataclan, donde la banda Eagles of Death Metal, y retuvieron a decenas de rehenes durante varias horas.<\/p>\n<p>Las fuerzas de seguridad entraron en la sala y pusieron fin a la toma de rehenes.<\/p>\n<p>Todav\u00eda nadie reivindic\u00f3 la autor\u00eda de los ataques.<\/p>\n<p>Sigue nuestra cobertura en vivo<\/p>\n<figure class=\"media-landscape has-caption full-width\"><span class=\"image-and-copyright-container\"><img loading=\"lazy\" decoding=\"async\" class=\"js-image-replace\" src=\"http:\/\/ichef.bbci.co.uk\/news\/ws\/624\/amz\/worldservice\/live\/assets\/images\/2015\/11\/14\/151114003045_sp_attacks_in_paris_624x351_afp_nocredit.jpg\" alt=\"Personas buscan refugio\" width=\"624\" height=\"351\" \/><\/span>\u00a0autoridades pidieron a la poblaci\u00f3n que se quede en su casa en la medida de lo posible.<\/figure>\n<figure class=\"media-landscape has-caption full-width\"><span class=\"image-and-copyright-container\"><img loading=\"lazy\" decoding=\"async\" class=\"js-image-replace\" src=\"http:\/\/ichef.bbci.co.uk\/news\/ws\/624\/amz\/worldservice\/live\/assets\/images\/2015\/11\/14\/151114030507_sp_attacks_in_paris_624x351_reuters_nocredit.jpg\" alt=\"Asistencia a heridos\" width=\"624\" height=\"351\" \/><span class=\"off-screen\">Image copyright<\/span><span class=\"story-image-copyright\">Reuters<\/span><\/span><figcaption class=\"media-caption\"><span class=\"off-screen\">Image caption<\/span><span class=\"media-caption__text\">Par\u00eds vivi\u00f3 este viernes una jornada de horror tras una serie de ataques sin precedentes, como los calific\u00f3 el presidente Fran\u00e7ois Hollande.<\/span><\/figcaption><\/figure>\n<figure class=\"media-landscape has-caption full-width\"><span class=\"image-and-copyright-container\"><img loading=\"lazy\" decoding=\"async\" class=\"js-image-replace\" src=\"http:\/\/ichef.bbci.co.uk\/news\/ws\/624\/amz\/worldservice\/live\/assets\/images\/2015\/11\/14\/151114005541_sp_attacks_in_france_624x351_ap_nocredit.jpg\" alt=\"Polic\u00eda de elite\" width=\"624\" height=\"351\" \/><span class=\"off-screen\">Image copyright<\/span><span class=\"story-image-copyright\">AP<\/span><\/span><figcaption class=\"media-caption\"><span class=\"off-screen\">Image caption<\/span><span class=\"media-caption__text\">Los tiroteos se produjeron en los distritos 10 y 11 de Par\u00eds.<\/span><\/figcaption><\/figure>\n<figure class=\"media-landscape has-caption full-width\"><span class=\"image-and-copyright-container\"><img loading=\"lazy\" decoding=\"async\" class=\"js-image-replace\" src=\"http:\/\/ichef.bbci.co.uk\/news\/ws\/624\/amz\/worldservice\/live\/assets\/images\/2015\/11\/14\/151114000842_sp_attacks_in_paris_624x351_reuters_nocredit.jpg\" alt=\"Bomberos\" width=\"624\" height=\"351\" \/><span class=\"off-screen\">Image copyright<\/span><span class=\"story-image-copyright\">Reuters<\/span><\/span><figcaption class=\"media-caption\"><span class=\"off-screen\">Image caption<\/span><span class=\"media-caption__text\">Bomberos y equipos de emergencia fueron desplegados a las afueras de la sala de conciertos Bataclan donde hubo una toma de rehenes.<\/span><\/figcaption><\/figure>\n<figure class=\"media-landscape has-caption full-width\"><span class=\"image-and-copyright-container\"><img loading=\"lazy\" decoding=\"async\" class=\"js-image-replace\" src=\"http:\/\/ichef-1.bbci.co.uk\/news\/ws\/624\/amz\/worldservice\/live\/assets\/images\/2015\/11\/13\/151113220121_sp_paris_624x415_afp_nocredit.jpg\" alt=\"Equipos de emergencia\" width=\"624\" height=\"415\" \/><span class=\"off-screen\">Image copyright<\/span><span class=\"story-image-copyright\">AFP<\/span><\/span><figcaption class=\"media-caption\"><span class=\"off-screen\">Image caption<\/span><span class=\"media-caption__text\">El presidente franc\u00e9s Fran\u00e7ois Hollande dijo que este es un ataque sin precedentes en el pa\u00eds europeo.<\/span><\/figcaption><\/figure>\n<figure class=\"media-landscape has-caption full-width\"><span class=\"image-and-copyright-container\"><img loading=\"lazy\" decoding=\"async\" class=\"js-image-replace\" src=\"http:\/\/ichef.bbci.co.uk\/news\/ws\/624\/amz\/worldservice\/live\/assets\/images\/2015\/11\/13\/151113232807_sp_police_near_stadium_624x351_afp_nocredit.jpg\" alt=\"Polic\u00eda fuera del estadio\" width=\"624\" height=\"351\" \/><span class=\"off-screen\">Image copyright<\/span><span class=\"story-image-copyright\">AFP<\/span><\/span><figcaption class=\"media-caption\"><span class=\"off-screen\">Image caption<\/span><span class=\"media-caption__text\">Se habla de decenas de muertos dentro de Bataclan, donde se celebraba un concierto de la banda de heavy Eagles of Death Metal.<\/span><\/figcaption><\/figure>\n<figure class=\"media-landscape has-caption full-width\"><span class=\"image-and-copyright-container\"><img loading=\"lazy\" decoding=\"async\" class=\"js-image-replace\" src=\"http:\/\/ichef-1.bbci.co.uk\/news\/ws\/624\/amz\/worldservice\/live\/assets\/images\/2015\/11\/14\/151114014642_sp_attacks_in_paris_624x351_epa_nocredit.jpg\" alt=\"Heridos salen de Bataclan\" width=\"624\" height=\"351\" \/><span class=\"off-screen\">Image copyright<\/span><span class=\"story-image-copyright\">epa<\/span><\/span><figcaption class=\"media-caption\"><span class=\"off-screen\">Image caption<\/span><span class=\"media-caption__text\">Los heridos fueron evacuados de la sala Bataclan.<\/span><\/figcaption><\/figure>\n<figure class=\"media-landscape has-caption full-width\"><span class=\"image-and-copyright-container\"><img loading=\"lazy\" decoding=\"async\" class=\"js-image-replace\" src=\"http:\/\/ichef-1.bbci.co.uk\/news\/ws\/624\/amz\/worldservice\/live\/assets\/images\/2015\/11\/13\/151113221858_sp_paris_624x351_afp_nocredit.jpg\" alt=\"Equipos de emergencia\" width=\"624\" height=\"351\" \/><\/span><\/figure>\n<figure class=\"media-landscape has-caption full-width\">Todav\u00eda no se ha confirmado que los distintos ataques est\u00e9n relacionados.<\/figure>\n<figure class=\"media-landscape has-caption full-width\"><span class=\"image-and-copyright-container\"><img loading=\"lazy\" decoding=\"async\" class=\"js-image-replace\" src=\"http:\/\/ichef-1.bbci.co.uk\/news\/ws\/624\/amz\/worldservice\/live\/assets\/images\/2015\/11\/13\/151113223813_sp_paris_624x351_afp_nocredit.jpg\" alt=\"Bomberos\" width=\"624\" height=\"351\" \/><\/span><\/figure>\n<figure class=\"media-landscape has-caption full-width\">El pa\u00eds est\u00e1 en estado de emergencia.<\/figure>\n<figure class=\"media-landscape has-caption full-width\"><span class=\"image-and-copyright-container\"><img loading=\"lazy\" decoding=\"async\" class=\"js-image-replace\" src=\"http:\/\/ichef.bbci.co.uk\/news\/ws\/624\/amz\/worldservice\/live\/assets\/images\/2015\/11\/13\/151113220014_sp_paris_640x360_afp_nocredit.jpg\" alt=\"Par\u00eds ataques\" width=\"640\" height=\"360\" \/><\/span><\/figure>\n<figure class=\"media-landscape has-caption full-width\">El fiscal de la Rep\u00fablica, Fran\u00e7ois Molins, habl\u00f3 de ocho atacantes autores de las matanzas de Par\u00eds.<\/figure>\n<figure class=\"media-landscape has-caption full-width\"><span class=\"image-and-copyright-container\"><img loading=\"lazy\" decoding=\"async\" class=\"js-image-replace\" src=\"http:\/\/ichef-1.bbci.co.uk\/news\/ws\/624\/amz\/worldservice\/live\/assets\/images\/2015\/11\/13\/151113214825_paris_624x351_ap.jpg\" alt=\"Ataques en Par\u00eds\" width=\"624\" height=\"351\" \/><span class=\"off-screen\">Image copyright<\/span><span class=\"story-image-copyright\">AP<\/span><\/span><figcaption class=\"media-caption\"><span class=\"off-screen\">Image caption<\/span><span class=\"media-caption__text\">La tensi\u00f3n y el desconcierto llenaron las calles del centro de Par\u00eds, conforme se iba conociendo la existencia de los distintos ataques.<\/span><\/figcaption><\/figure>\n<figure class=\"media-landscape has-caption full-width\"><span class=\"image-and-copyright-container\"><img loading=\"lazy\" decoding=\"async\" class=\"js-image-replace\" src=\"http:\/\/ichef-1.bbci.co.uk\/news\/ws\/624\/amz\/worldservice\/live\/assets\/images\/2015\/11\/13\/151113222010_sp_paris_624x351_afp_nocredit.jpg\" alt=\"Par\u00eds bajo ataque\" width=\"624\" height=\"351\" \/><\/span><\/figure>\n<figure class=\"media-landscape has-caption full-width\">Hubo tiroteos pr\u00e1cticamente simult\u00e1neos en distintos locales hosteleros de la capital.<\/figure>\n<figure class=\"media-landscape has-caption full-width\"><span class=\"image-and-copyright-container\"><img loading=\"lazy\" decoding=\"async\" class=\"js-image-replace\" src=\"http:\/\/ichef-1.bbci.co.uk\/news\/ws\/624\/amz\/worldservice\/live\/assets\/images\/2015\/11\/13\/151113221759_sp_paris_624x351_afp_nocredit.jpg\" alt=\"Par\u00eds bajo ataque\" width=\"624\" height=\"351\" \/><\/span><\/figure>\n<figure class=\"media-landscape has-caption full-width\">La situaci\u00f3n en Par\u00eds es cr\u00edtica. 1.500 militares fueron movilizados y desplegados en las calles.<\/figure>\n<figure class=\"media-landscape has-caption full-width\"><span class=\"image-and-copyright-container\"><img loading=\"lazy\" decoding=\"async\" class=\"js-image-replace\" src=\"http:\/\/ichef-1.bbci.co.uk\/news\/ws\/624\/amz\/worldservice\/live\/assets\/images\/2015\/11\/13\/151113234501_sp_attacks_in_paris_624x351_getty_nocredit.jpg\" alt=\"Personas\" width=\"624\" height=\"351\" \/><\/span><\/figure>\n<figure class=\"media-landscape has-caption full-width\">Las autoridades evacuaron el estadio de f\u00fatbol en el que tambi\u00e9n estaba el presidente Fran\u00e7ois Hollande.<\/figure>\n<figure class=\"media-landscape has-caption full-width\"><span class=\"image-and-copyright-container\"><img loading=\"lazy\" decoding=\"async\" class=\"js-image-replace\" src=\"http:\/\/ichef.bbci.co.uk\/news\/ws\/624\/amz\/worldservice\/live\/assets\/images\/2015\/11\/14\/151114050450_sp_attacks_in_paris_624x351_ap_nocredit.jpg\" alt=\"Pareja en el Estadio de Francia\" width=\"624\" height=\"351\" \/><\/span><\/figure>\n<figure class=\"media-landscape has-caption full-width\">Los asistentes al partido de f\u00fatbol tardaron en saber lo que estaba pasando.<\/figure>\n<figure class=\"media-landscape has-caption full-width\"><span class=\"image-and-copyright-container\"><img loading=\"lazy\" decoding=\"async\" class=\"js-image-replace\" src=\"http:\/\/ichef.bbci.co.uk\/news\/ws\/624\/amz\/worldservice\/live\/assets\/images\/2015\/11\/13\/151113232651_sp_stade_de_france_624x351_afp_nocredit.jpg\" alt=\"Estadio de f\u00fatbol\" width=\"624\" height=\"351\" \/><\/span><\/figure>\n<figure class=\"media-landscape has-caption full-width\">En el Estadio de Francia se jugaba un amistoso entre las selecciones francesa y alemana.<\/figure>\n<figure class=\"media-landscape has-caption full-width\"><span class=\"image-and-copyright-container\"><img loading=\"lazy\" decoding=\"async\" class=\"js-image-replace\" src=\"http:\/\/ichef.bbci.co.uk\/news\/ws\/624\/amz\/worldservice\/live\/assets\/images\/2015\/11\/14\/151114003605_paris_empire_state_624x351_reuters_nocredit.jpg\" alt=\"Empire State\" width=\"624\" height=\"351\" \/><\/span><\/figure>\n<figure class=\"media-landscape has-caption full-width\"><span class=\"media-caption__text\">La ciudad de Nueva York se solidariz\u00f3 con Francia e ilumin\u00f3 el Empire State con los colores de la bandera francesa.<\/span><\/figure>\n<\/div>\n<\/div>\n<div class=\"share share--lightweight  show ghost-column\"><a name=\"share-tools\"><\/a>BBC<\/div>\n","protected":false},"excerpt":{"rendered":"<p>Image\u00a0Como una \u00abnoche de horror\u00bb se ha descrito lo sucedido este viernes en la capital francesa, Par\u00eds, donde una serie de ataques causaron al menos 120 muertos. Las autoridades francesas reportaron m\u00e1s de 120 muertos en varios ataques registrados este viernes en la capital de Francia, Par\u00eds. En el noreste de la capital francesa se [&hellip;]<\/p>\n","protected":false},"author":1,"featured_media":32631,"comment_status":"open","ping_status":"open","sticky":false,"template":"","format":"standard","meta":{"footnotes":""},"categories":[86,40],"tags":[],"class_list":["post-32630","post","type-post","status-publish","format-standard","has-post-thumbnail","hentry","category-europa","category-internacionales"],"_links":{"self":[{"href":"https:\/\/2horizontes.com\/index.php?rest_route=\/wp\/v2\/posts\/32630","targetHints":{"allow":["GET"]}}],"collection":[{"href":"https:\/\/2horizontes.com\/index.php?rest_route=\/wp\/v2\/posts"}],"about":[{"href":"https:\/\/2horizontes.com\/index.php?rest_route=\/wp\/v2\/types\/post"}],"author":[{"embeddable":true,"href":"https:\/\/2horizontes.com\/index.php?rest_route=\/wp\/v2\/users\/1"}],"replies":[{"embeddable":true,"href":"https:\/\/2horizontes.com\/index.php?rest_route=%2Fwp%2Fv2%2Fcomments&post=32630"}],"version-history":[{"count":1,"href":"https:\/\/2horizontes.com\/index.php?rest_route=\/wp\/v2\/posts\/32630\/revisions"}],"predecessor-version":[{"id":32632,"href":"https:\/\/2horizontes.com\/index.php?rest_route=\/wp\/v2\/posts\/32630\/revisions\/32632"}],"wp:featuredmedia":[{"embeddable":true,"href":"https:\/\/2horizontes.com\/index.php?rest_route=\/wp\/v2\/media\/32631"}],"wp:attachment":[{"href":"https:\/\/2horizontes.com\/index.php?rest_route=%2Fwp%2Fv2%2Fmedia&parent=32630"}],"wp:term":[{"taxonomy":"category","embeddable":true,"href":"https:\/\/2horizontes.com\/index.php?rest_route=%2Fwp%2Fv2%2Fcategories&post=32630"},{"taxonomy":"post_tag","embeddable":true,"href":"https:\/\/2horizontes.com\/index.php?rest_route=%2Fwp%2Fv2%2Ftags&post=32630"}],"curies":[{"name":"wp","href":"https:\/\/api.w.org\/{rel}","templated":true}]}}