{"id":32566,"date":"2015-11-13T18:18:04","date_gmt":"2015-11-13T17:18:04","guid":{"rendered":"http:\/\/2horizontes.com\/?p=32566"},"modified":"2015-11-13T18:18:04","modified_gmt":"2015-11-13T17:18:04","slug":"apresan-haitiano-acusado-de-violar-y-cortarle-las-manos-a-una-mujer-rd","status":"publish","type":"post","link":"https:\/\/2horizontes.com\/?p=32566","title":{"rendered":"Apresan haitiano acusado de violar y cortarle las manos a una mujer RD"},"content":{"rendered":"<article class=\"contenidoArticulo\">\n<div class=\"cuerpoNoticia\">\n<p>RD- SANTIAGO-Un comerciante haitiano que estaba pr\u00f3fugo por presunta violaci\u00f3n sexual y cortarle ambas manos a una mujer de su misma nacionalidad, fue apresado en el mercado modelo del sector Pueblo Nuevo, de esta ciudad, \u00a0donde cada jueves se realizan actividades comerciales denominadas \u201cel mercado de La Purga\u201d.<\/p>\n<p>El apresamiento de Michel Aramus, de 35 a\u00f1os, pasaporte No. PP3385727 y residente en el municipio Esperanza, en Mao, Valverde, fue practicado por\u00a0miembros de la Direcci\u00f3n de Investigaciones Criminales y de la Polic\u00eda Preventiva de la Direcci\u00f3n Regional Cibao Central.<\/p>\n<p>Los investigadores policiales daban seguimiento al caso cometido contra la indocumentada\u00a0Rosannan Duran,<strong>\u00a0<\/strong>35 a\u00f1os,\u00a0ocurrido en dicha localidad, en septiembre del 2012.<\/p>\n<\/div>\n<\/article>\n<p>&nbsp;<\/p>\n","protected":false},"excerpt":{"rendered":"<p>RD- SANTIAGO-Un comerciante haitiano que estaba pr\u00f3fugo por presunta violaci\u00f3n sexual y cortarle ambas manos a una mujer de su misma nacionalidad, fue apresado en el mercado modelo del sector Pueblo Nuevo, de esta ciudad, \u00a0donde cada jueves se realizan actividades comerciales denominadas \u201cel mercado de La Purga\u201d. El apresamiento de Michel Aramus, de 35 [&hellip;]<\/p>\n","protected":false},"author":8,"featured_media":32567,"comment_status":"open","ping_status":"open","sticky":false,"template":"","format":"standard","meta":{"footnotes":""},"categories":[53,44],"tags":[],"class_list":["post-32566","post","type-post","status-publish","format-standard","has-post-thumbnail","hentry","category-provincias","category-republica-dominicana"],"_links":{"self":[{"href":"https:\/\/2horizontes.com\/index.php?rest_route=\/wp\/v2\/posts\/32566","targetHints":{"allow":["GET"]}}],"collection":[{"href":"https:\/\/2horizontes.com\/index.php?rest_route=\/wp\/v2\/posts"}],"about":[{"href":"https:\/\/2horizontes.com\/index.php?rest_route=\/wp\/v2\/types\/post"}],"author":[{"embeddable":true,"href":"https:\/\/2horizontes.com\/index.php?rest_route=\/wp\/v2\/users\/8"}],"replies":[{"embeddable":true,"href":"https:\/\/2horizontes.com\/index.php?rest_route=%2Fwp%2Fv2%2Fcomments&post=32566"}],"version-history":[{"count":1,"href":"https:\/\/2horizontes.com\/index.php?rest_route=\/wp\/v2\/posts\/32566\/revisions"}],"predecessor-version":[{"id":32568,"href":"https:\/\/2horizontes.com\/index.php?rest_route=\/wp\/v2\/posts\/32566\/revisions\/32568"}],"wp:featuredmedia":[{"embeddable":true,"href":"https:\/\/2horizontes.com\/index.php?rest_route=\/wp\/v2\/media\/32567"}],"wp:attachment":[{"href":"https:\/\/2horizontes.com\/index.php?rest_route=%2Fwp%2Fv2%2Fmedia&parent=32566"}],"wp:term":[{"taxonomy":"category","embeddable":true,"href":"https:\/\/2horizontes.com\/index.php?rest_route=%2Fwp%2Fv2%2Fcategories&post=32566"},{"taxonomy":"post_tag","embeddable":true,"href":"https:\/\/2horizontes.com\/index.php?rest_route=%2Fwp%2Fv2%2Ftags&post=32566"}],"curies":[{"name":"wp","href":"https:\/\/api.w.org\/{rel}","templated":true}]}}