{"id":32508,"date":"2015-11-13T14:46:46","date_gmt":"2015-11-13T13:46:46","guid":{"rendered":"http:\/\/2horizontes.com\/?p=32508"},"modified":"2015-11-13T14:46:46","modified_gmt":"2015-11-13T13:46:46","slug":"hubieres-propone-medidas-para-solucionar-problemas-transito-rd","status":"publish","type":"post","link":"https:\/\/2horizontes.com\/?p=32508","title":{"rendered":"Hubieres propone medidas para solucionar problemas tr\u00e1nsito RD"},"content":{"rendered":"<p>RD-SANTO DOMINGO.- Para resolver los problemas del tr\u00e1nsito en esta capital es necesario masificar el transporte colectivo con autobuses urbanos, establecer horarios diferidos para que empleados p\u00fablicos y privados no coincidan en las rutas y disponer que el transporte de carga en camiones se realice de noche, seg\u00fan el diputado Juan Hubieres, presidente de la Federaci\u00f3n Nacional del Transporte La Nueva Opci\u00f3n (Fenatrano).<\/p>\n<p>Propuso, asimismo, que se constuyan puentes que enlacen a la Capital con la provincia de Santo Domingo.<\/p>\n<p>\u201cOtra alternativa ser\u00eda la construcci\u00f3n de t\u00faneles de norte a sur en la capital, para que sirvan de desahogo de las avenidas Abraham Lincoln, Winston Churchill, Tiradentes y M\u00e1ximo G\u00f3mez\u201d, explic\u00f3 al peri\u00f3dico Hoy el legislador por el municipio de Yamas\u00e1, provincia Monte Plata.<\/p>\n<p>Valor\u00f3 como \u201cuna idea acertada\u201d la construcci\u00f3n del t\u00fanel que que inicia en la avenida Ortega y Gasset y conduce a la Universidad Aut\u00f3noma de Santo Domingo (UASD), pero lament\u00f3 que solo circule en una direcci\u00f3n (de norte a sur).<\/p>\n<p>Opin\u00f3 que \u201cla masificaci\u00f3n debe ser apropiada para que m\u00e1s ciudadanos opten por dejar sus veh\u00edculos en casa y aborden autobuses\u201d.<\/p>\n<p>\u201cFenatrano est\u00e1 dispuesto a aportar ideas para cambiar en el tr\u00e1nsito todo lo que no sirve, comenzando porque el transporte de mercanc\u00edas opere en horas de la noche, para lo que se requiere de seguridad ciudadana en las calles\u201d, indic\u00f3.<\/p>\n","protected":false},"excerpt":{"rendered":"<p>RD-SANTO DOMINGO.- Para resolver los problemas del tr\u00e1nsito en esta capital es necesario masificar el transporte colectivo con autobuses urbanos, establecer horarios diferidos para que empleados p\u00fablicos y privados no coincidan en las rutas y disponer que el transporte de carga en camiones se realice de noche, seg\u00fan el diputado Juan Hubieres, presidente de la [&hellip;]<\/p>\n","protected":false},"author":8,"featured_media":32510,"comment_status":"open","ping_status":"open","sticky":false,"template":"","format":"standard","meta":{"footnotes":""},"categories":[43,44],"tags":[],"class_list":["post-32508","post","type-post","status-publish","format-standard","has-post-thumbnail","hentry","category-politica","category-republica-dominicana"],"_links":{"self":[{"href":"https:\/\/2horizontes.com\/index.php?rest_route=\/wp\/v2\/posts\/32508","targetHints":{"allow":["GET"]}}],"collection":[{"href":"https:\/\/2horizontes.com\/index.php?rest_route=\/wp\/v2\/posts"}],"about":[{"href":"https:\/\/2horizontes.com\/index.php?rest_route=\/wp\/v2\/types\/post"}],"author":[{"embeddable":true,"href":"https:\/\/2horizontes.com\/index.php?rest_route=\/wp\/v2\/users\/8"}],"replies":[{"embeddable":true,"href":"https:\/\/2horizontes.com\/index.php?rest_route=%2Fwp%2Fv2%2Fcomments&post=32508"}],"version-history":[{"count":1,"href":"https:\/\/2horizontes.com\/index.php?rest_route=\/wp\/v2\/posts\/32508\/revisions"}],"predecessor-version":[{"id":32511,"href":"https:\/\/2horizontes.com\/index.php?rest_route=\/wp\/v2\/posts\/32508\/revisions\/32511"}],"wp:featuredmedia":[{"embeddable":true,"href":"https:\/\/2horizontes.com\/index.php?rest_route=\/wp\/v2\/media\/32510"}],"wp:attachment":[{"href":"https:\/\/2horizontes.com\/index.php?rest_route=%2Fwp%2Fv2%2Fmedia&parent=32508"}],"wp:term":[{"taxonomy":"category","embeddable":true,"href":"https:\/\/2horizontes.com\/index.php?rest_route=%2Fwp%2Fv2%2Fcategories&post=32508"},{"taxonomy":"post_tag","embeddable":true,"href":"https:\/\/2horizontes.com\/index.php?rest_route=%2Fwp%2Fv2%2Ftags&post=32508"}],"curies":[{"name":"wp","href":"https:\/\/api.w.org\/{rel}","templated":true}]}}