{"id":32495,"date":"2015-11-13T14:18:03","date_gmt":"2015-11-13T13:18:03","guid":{"rendered":"http:\/\/2horizontes.com\/?p=32495"},"modified":"2015-11-13T14:18:03","modified_gmt":"2015-11-13T13:18:03","slug":"escritor-mexicano-fernando-del-paso-gana-el-premio-cervantes","status":"publish","type":"post","link":"https:\/\/2horizontes.com\/?p=32495","title":{"rendered":"Escritor mexicano Fernando del Paso gana el Premio Cervantes"},"content":{"rendered":"<div id=\"ArticleAuthorDiv\" class=\"article-body-author\"><b>EFE<\/b><\/div>\n<div id=\"ArticleSourceDiv\" class=\"article-body-author\"><b>Madrid<\/b><\/div>\n<div id=\"ArticleBody\">\n<p>La valent\u00eda en la creaci\u00f3n y la innovaci\u00f3n arriesgada del escritor mexicano Fernando del Paso han obtenido hoy el Premio Cervantes 2015, dotado con 125.000 euros (unos 134.000 d\u00f3lares), seg\u00fan el fallo del jurado del galard\u00f3n m\u00e1s prestigioso de los que se conceden en los pa\u00edses de habla hispana.<\/p>\n<p>El ministro de Educaci\u00f3n, Cultura y Deporte de Espa\u00f1a, \u00cd\u00f1igo M\u00e9ndez de Vigo, inform\u00f3 en una rueda de prensa del galard\u00f3n reca\u00eddo en Fernando del Paso (M\u00e9xico, 1935), escritor de ensayo, literatura infantil, narrativa, poes\u00eda y teatro, adem\u00e1s de dibujante y pintor.<\/p>\n<p>Se cumpli\u00f3 as\u00ed un a\u00f1o m\u00e1s la ley no escrita que reparte alternativamente el galard\u00f3n entre Latinoam\u00e9rica y Espa\u00f1a, despu\u00e9s de que en 2014 lo ganara el escritor catal\u00e1n Juan Goytisolo.<\/p>\n<p>El jurado, presidido por In\u00e9s Fern\u00e1ndez Ord\u00f3\u00f1ez, representante por la Real Academia, eligi\u00f3 a Fernando del Paso por mayor\u00eda tras tres votaciones sucesivas y destac\u00f3 \u00absu aportaci\u00f3n al desarrollo de la novela, aunando tradici\u00f3n y modernidad, como hizo Cervantes en su momento\u00bb.<\/p>\n<p>Coincidiendo con el IV centenario de la publicaci\u00f3n de la segunda parte de El Quijote, el jurado valor\u00f3 sus novelas llenas de riesgo \u00abque recrean episodios fundamentales de la historia de M\u00e9xico, haci\u00e9ndolos fundamentales\u00bb.<\/p>\n<p>La presidenta del jurado record\u00f3 que es uno de los escritores m\u00e1s le\u00eddos y premiados en M\u00e9xico, cuya obra singular es valiente, como lo fue la de Miguel de Cervantes, con lo que el premio \u00abhace justicia\u00bb a la salvaguarda del legado del autor del Quijote.<\/p>\n<p>\u00abJos\u00e9 Trigo\u00bb, \u00abPalinuro de M\u00e9xico\u00bb, \u00abLinda 67. Historia de un crimen\u00bb, Cuentos dispersos\u00bb, en narrativa; \u00abEl coloquio del invierno\u00bb, en ensayo; \u00abDe la A a la Z por un poeta\u00bb, en literatura infantil; y \u00abSonetos del amor y lo diario\u00bb o \u00abPaleta de diez colores\u00bb en poes\u00eda; \u00abPalinuro en la escalera\u00bb y \u00abLa loca de Miramar\u00bb, en teatro, son algunas de las obras de este polifac\u00e9tico escritor.<\/p>\n<p>Durante la rueda de prensa en la que se anunci\u00f3 el premio, Fern\u00e1ndez Ord\u00f3\u00f1ez asegur\u00f3 que ignoraba \u00ababsolutamente\u00bb las circunstancias por las que el nombre del galardonado hab\u00eda sido filtrado a algunos medios de comunicaci\u00f3n cuando el jurado se encontraba a\u00fan reunido.<\/p>\n<p>\u00abLo ignoro absolutamente. Las instrucciones eran muy claras\u00bb, subray\u00f3 la presidenta del jurado.<\/p>\n<p>Creado en 1975 por el Ministerio de Cultura, este premio reconoce la trayectoria de un escritor que con el conjunto de su obra haya contribuido a enriquecer el legado literario hispano.<\/p>\n<p>El jurado del Cervantes estuvo compuesto tambi\u00e9n por Juan Guillermo Gelp\u00ed P\u00e9rez, a propuesta de la Academia portorrique\u00f1a de la Lengua y Pedro Manuel C\u00e1tedra Garc\u00eda, por la Conferencia de Rectores de las Universidades Espa\u00f1olas.<\/p>\n<p>Formaron tambi\u00e9n parte del jurado Ver\u00f3nica Ormachea Guti\u00e9rrez, a propuesta de la Uni\u00f3n de Universidades de Am\u00e9rica Latina; Beatriz Hernanz Kleinbort, en representaci\u00f3n del Instituto Cervantes y Enrique Krauze a propuesta del Ministerio de Educaci\u00f3n Cultura y Deportes, entre otros miembros.<\/p>\n<\/div>\n","protected":false},"excerpt":{"rendered":"<p>EFE Madrid La valent\u00eda en la creaci\u00f3n y la innovaci\u00f3n arriesgada del escritor mexicano Fernando del Paso han obtenido hoy el Premio Cervantes 2015, dotado con 125.000 euros (unos 134.000 d\u00f3lares), seg\u00fan el fallo del jurado del galard\u00f3n m\u00e1s prestigioso de los que se conceden en los pa\u00edses de habla hispana. El ministro de Educaci\u00f3n, [&hellip;]<\/p>\n","protected":false},"author":7,"featured_media":32499,"comment_status":"open","ping_status":"open","sticky":false,"template":"","format":"standard","meta":{"footnotes":""},"categories":[62,85,40],"tags":[],"class_list":["post-32495","post","type-post","status-publish","format-standard","has-post-thumbnail","hentry","category-cultura","category-espana","category-internacionales"],"_links":{"self":[{"href":"https:\/\/2horizontes.com\/index.php?rest_route=\/wp\/v2\/posts\/32495","targetHints":{"allow":["GET"]}}],"collection":[{"href":"https:\/\/2horizontes.com\/index.php?rest_route=\/wp\/v2\/posts"}],"about":[{"href":"https:\/\/2horizontes.com\/index.php?rest_route=\/wp\/v2\/types\/post"}],"author":[{"embeddable":true,"href":"https:\/\/2horizontes.com\/index.php?rest_route=\/wp\/v2\/users\/7"}],"replies":[{"embeddable":true,"href":"https:\/\/2horizontes.com\/index.php?rest_route=%2Fwp%2Fv2%2Fcomments&post=32495"}],"version-history":[{"count":1,"href":"https:\/\/2horizontes.com\/index.php?rest_route=\/wp\/v2\/posts\/32495\/revisions"}],"predecessor-version":[{"id":32501,"href":"https:\/\/2horizontes.com\/index.php?rest_route=\/wp\/v2\/posts\/32495\/revisions\/32501"}],"wp:featuredmedia":[{"embeddable":true,"href":"https:\/\/2horizontes.com\/index.php?rest_route=\/wp\/v2\/media\/32499"}],"wp:attachment":[{"href":"https:\/\/2horizontes.com\/index.php?rest_route=%2Fwp%2Fv2%2Fmedia&parent=32495"}],"wp:term":[{"taxonomy":"category","embeddable":true,"href":"https:\/\/2horizontes.com\/index.php?rest_route=%2Fwp%2Fv2%2Fcategories&post=32495"},{"taxonomy":"post_tag","embeddable":true,"href":"https:\/\/2horizontes.com\/index.php?rest_route=%2Fwp%2Fv2%2Ftags&post=32495"}],"curies":[{"name":"wp","href":"https:\/\/api.w.org\/{rel}","templated":true}]}}