{"id":32492,"date":"2015-11-13T14:13:44","date_gmt":"2015-11-13T13:13:44","guid":{"rendered":"http:\/\/2horizontes.com\/?p=32492"},"modified":"2015-11-13T14:13:44","modified_gmt":"2015-11-13T13:13:44","slug":"colera-y-zika-ponen-en-alerta-a-las-autoridades-rd","status":"publish","type":"post","link":"https:\/\/2horizontes.com\/?p=32492","title":{"rendered":"C\u00f3lera y zika ponen en alerta a las autoridades RD"},"content":{"rendered":"<p>RD- SANTO DOMINGO-La posibilidad de que se produzcan brotes de c\u00f3lera y del virus del zica en Rep\u00fablica Dominicana ha puesto en alerta a las autoridades de Salud, que ayer enviaron expertos para evaluar la situaci\u00f3n en la zona fronteriza de Pedernales, donde se reportan casos de la primera enfermedad.<\/p>\n<p>En la localidad haitiana de Anse-\u00e0-Pitres, vecina de Pedernales, siete personas han muerto en los \u00faltimos d\u00edas afectados por c\u00f3lera y otras 26 resultaron afectadas por este mal en un campamento de repatriados haitianos.<\/p>\n<p>El brote de c\u00f3lera tiene su origen en el campamento bautizado como Paca II, donde viven unas 250 familias, ubicado en las cercan\u00edas del r\u00edo Pedernales, y muy cerca del balneario \u201cLa Roquita\u201d, del lado dominicano.<\/p>\n<p>En otro campamento, conocido como Parc Cadeau, tambi\u00e9n en los alrededores de Anse-\u00e0-Pitres, otras dos personas, uno de ellos un ni\u00f1o de siete a\u00f1os, murieron en el \u00faltimo mes con s\u00edntomas de c\u00f3lera.<\/p>\n<p>La epidemia de c\u00f3lera estall\u00f3 en octubre del 2010 en Mirebalais, al noreste de Hait\u00ed, y desde entonces ha matado a casi 9.000 haitianos y ha contagiado a otras 738.000 personas. Seg\u00fan varios estudios, el mal \u201cmuy probablemente\u201d fue introducido al pa\u00eds por soldados nepaleses de la Misi\u00f3n de la ONU.<\/p>\n<p>El departamento de Salud Ambiental (DIGESA) infor- m\u00f3 ayer que investiga un brote diarreico agudo ocurrido en la comunidad de Paca II, en el Paso Sena en la Provincia de Pedernales.<\/p>\n<p>Luis Roa, director de DIGESA, explic\u00f3 que doce personas, entre ellos nueve haitianos y tres dominicanos con episodios de diarrea fueron atendidas en el hospital provincial Elio Fiallo. Seg\u00fan el responsable todos se encuentran estables.<\/p>\n<p>Roa dijo que tras identificarse los primeros casos de diarrea estos fueron notificados por la Direcci\u00f3n Provincial de Salud (DPS) y de inmediato un equipo de t\u00e9cnicos de Salud Ambiental y de Epidemiolog\u00eda se traslad\u00f3 a esas comunidades para hacer la investigaci\u00f3n pertinente.<\/p>\n<p>De inmediato se procedi\u00f3 a cerrar tres balnearios ya que se presume fueron las fuentes contaminaste\u201d, dijo un comunicado.<\/p>\n<p>Adem\u00e1s, el Ministerio de Salud organiz\u00f3 un equipo de respuesta r\u00e1pida y se procedi\u00f3 a instalar tres hisopos a lo largo del r\u00edo Pedernales, a los fines de determinar las posibles contaminaciones microbiol\u00f3gicas que permitan tomar acciones espec\u00edficas o puntuales sobre las mismas.<\/p>\n<p>Adem\u00e1s, la doctora Xiomara Acosta coordina con las autoridades de salud de Hait\u00ed para adoptar las medidas necesarias para hacer frente a la enfermedad.<\/p>\n<p>El mes pasado, el gobierno haitiano declar\u00f3 en alerta roja a siete municipios del pa\u00eds debido a un nuevo brote de c\u00f3lera, la mortal enfermedad aparecida hace cinco a\u00f1os en Hait\u00ed.<\/p>\n<p>El Ministerio haitiano de Salud P\u00fablica y Poblaci\u00f3n dijo que el brote ten\u00eda mayor incidencia en el sureste del pa\u00eds, donde se encuentra Anse-\u00e0-Pitres.<\/p>\n<p>El director del Hospital P\u00fablico Dr. Elio Fiallo, Ram\u00f3n S\u00f3crates Mancebo, hizo ayer un llamado a los pobladores de Pedernales para que laven antes de consumir frutas y otros productos vendidos por haitianos en el mercado binacional.<\/p>\n<p>Mancebo expres\u00f3 su preocupaci\u00f3n por el hecho de que el centro de salud tiene que hacer frente a esta situaci\u00f3n con un subsidio de 300 mil pesos mensuales que recibe, lo que se gasta en el menor tiempo posible, debido a la demanda de paciente tanto dominicanos como haitianos.<\/p>\n<p>\u201cHemos tenido que dividir las salas para evitar que otros pacientes en el centro asistencial se trasladen a donde esta los infectados\u201d, dijo el funcionario.<\/p>\n<p><strong>Zica-virus <\/strong><br \/>\nEn cuanto al zica, el Ministerio de Salud dijo en un comunicado que Rep\u00fablica Dominicana no registra ning\u00fan caso sospechoso de la enfermedad, al tiempo que asegur\u00f3 que el Sistema Nacional de Vigilancia Epidemiol\u00f3gica (SINAVE) se mantiene activo.<\/p>\n<p>La cartera tambi\u00e9n exhorta a la ciudadan\u00eda a continuar la pr\u00e1ctica de mantener bien tapada su agua almacenada y eliminar criaderos, como forma de controlar los mosquitos transmisores de dengue, chikungunya y el llamado zicavirus.<\/p>\n<p>El director de Gesti\u00f3n de la Salud de la Poblaci\u00f3n del Ministerio de Salud, Jos\u00e9 Manuel Puello, aclar\u00f3 que un comunicado de la Agencia de Salud P\u00fablica del Caribe (CARPHA), con sede en Trinidad &amp; Tobago, no dice que en Rep\u00fablica Dominicana se haya notificado ning\u00fan caso de zikavirus, como tambi\u00e9n se le conoce.<\/p>\n<p>\u201cNuestro pa\u00eds no pertenece a los territorios que sirve CARPHA y obviamente para que resultaran muestras positivas estas tendr\u00edan que haberse enviado a esa agencia, cosa que no hemos hecho\u201d, dijo Puello.<\/p>\n<p>El experto explic\u00f3 que en junio pasado la Direcci\u00f3n General de Epidemiologia supo que una ni\u00f1a de 8 a\u00f1os residente en Puerto Plata cuya pediatra hab\u00eda referido un cuadro cl\u00ednico compatible con esta enfermedad.<\/p>\n<p>De inmediato se instruy\u00f3 al servicio local de epidemiologia hacer la investigaci\u00f3n epidemiologia del caso y a la b\u00fasqueda activa de posibles casos adicionales en la comunidad. La sintomatolog\u00eda del caso era compatible con una enfermedad febril y las pruebas de IGM-dengue resultaron negativas.<\/p>\n<p>CARPHA confirm\u00f3 ayer el primer brote de zica en la regi\u00f3n, pero no especific\u00f3 en qu\u00e9 territorio se registr\u00f3 el brote de este virus para el cual \u201cno hay vacuna ni tratamiento\u201d. Sin embargo, indic\u00f3 que este a\u00f1o Brasil y Rep\u00fablica Dominicana -que no pertenece al organismo regional- reportaron potenciales casos.<\/p>\n","protected":false},"excerpt":{"rendered":"<p>RD- SANTO DOMINGO-La posibilidad de que se produzcan brotes de c\u00f3lera y del virus del zica en Rep\u00fablica Dominicana ha puesto en alerta a las autoridades de Salud, que ayer enviaron expertos para evaluar la situaci\u00f3n en la zona fronteriza de Pedernales, donde se reportan casos de la primera enfermedad. En la localidad haitiana de [&hellip;]<\/p>\n","protected":false},"author":8,"featured_media":32496,"comment_status":"open","ping_status":"open","sticky":false,"template":"","format":"standard","meta":{"footnotes":""},"categories":[44,45],"tags":[],"class_list":["post-32492","post","type-post","status-publish","format-standard","has-post-thumbnail","hentry","category-republica-dominicana","category-salud"],"_links":{"self":[{"href":"https:\/\/2horizontes.com\/index.php?rest_route=\/wp\/v2\/posts\/32492","targetHints":{"allow":["GET"]}}],"collection":[{"href":"https:\/\/2horizontes.com\/index.php?rest_route=\/wp\/v2\/posts"}],"about":[{"href":"https:\/\/2horizontes.com\/index.php?rest_route=\/wp\/v2\/types\/post"}],"author":[{"embeddable":true,"href":"https:\/\/2horizontes.com\/index.php?rest_route=\/wp\/v2\/users\/8"}],"replies":[{"embeddable":true,"href":"https:\/\/2horizontes.com\/index.php?rest_route=%2Fwp%2Fv2%2Fcomments&post=32492"}],"version-history":[{"count":1,"href":"https:\/\/2horizontes.com\/index.php?rest_route=\/wp\/v2\/posts\/32492\/revisions"}],"predecessor-version":[{"id":32498,"href":"https:\/\/2horizontes.com\/index.php?rest_route=\/wp\/v2\/posts\/32492\/revisions\/32498"}],"wp:featuredmedia":[{"embeddable":true,"href":"https:\/\/2horizontes.com\/index.php?rest_route=\/wp\/v2\/media\/32496"}],"wp:attachment":[{"href":"https:\/\/2horizontes.com\/index.php?rest_route=%2Fwp%2Fv2%2Fmedia&parent=32492"}],"wp:term":[{"taxonomy":"category","embeddable":true,"href":"https:\/\/2horizontes.com\/index.php?rest_route=%2Fwp%2Fv2%2Fcategories&post=32492"},{"taxonomy":"post_tag","embeddable":true,"href":"https:\/\/2horizontes.com\/index.php?rest_route=%2Fwp%2Fv2%2Ftags&post=32492"}],"curies":[{"name":"wp","href":"https:\/\/api.w.org\/{rel}","templated":true}]}}