{"id":32491,"date":"2015-11-13T14:07:28","date_gmt":"2015-11-13T13:07:28","guid":{"rendered":"http:\/\/2horizontes.com\/?p=32491"},"modified":"2015-11-13T14:25:04","modified_gmt":"2015-11-13T13:25:04","slug":"alerta-madrid-prohibe-estacionar-en-el-centro-por-la-alta-contaminacion","status":"publish","type":"post","link":"https:\/\/2horizontes.com\/?p=32491","title":{"rendered":"Alerta: Madrid proh\u00edbe estacionar en el centro por la alta contaminaci\u00f3n"},"content":{"rendered":"<p><strong>Madrid.<\/strong><\/p>\n<p>La norma comenz\u00f3 a regir a las 6:00 hora local, en las zonas de estacionamiento regulado al<b>\u00abpersistir el episodio de contaminaci\u00f3n por di\u00f3xido de nitr\u00f3geno que afecta a la ciudad desde el pasado martes\u00bb<\/b>.<\/p>\n<p>De esta manera, quienes estacionen su veh\u00edculo entre las 6 y las 21 horas en los sectores demarcado con verde o azul podr\u00edan<b> pagar multas de hasta 90 euros<\/b>.<\/p>\n<div id=\"embed58_wrap\" class=\"embed_cont type_freetext\"><\/div>\n<p>\u00abLa prohibici\u00f3n no afecta a parkings p\u00fablicos o privados ni a residentes, veh\u00edculos comerciales, taxis en servicio, de movilidad reducida o cero emisiones\u00bb, inform\u00f3 el Ayuntamiento.<\/p>\n<div>Del mismo modo,<b> se redujo de 90 a 70 kil\u00f3metros por hora la velocidad de los coches<\/b> en la secci\u00f3n M-30 y en la carreteras de acceso a Madrid (secci\u00f3n M-40).<\/div>\n<div id=\"2115947-Mediano-1793828987_wrap\" class=\"embed_cont type_imagen\">\n<div id=\"2115947-Mediano-1793828987_content\" class=\"embed_content\"><img decoding=\"async\" id=\"2115947-Mediano-1793828987_embed\" src=\"http:\/\/cdn01.am.infobae.com\/adjuntos\/163\/infografia\/013\/745\/0013745325.jpg?0000-00-00-00-00-00\" alt=\"El Ayuntamiento tom\u00f3 medidas por la alta contaminaci\u00f3n\" \/><\/div>\n<div id=\"2115947-Mediano-1793828987_epigrafe\" class=\"embed_epigrafe\">El Ayuntamiento tom\u00f3 medidas por la alta contaminaci\u00f3n<\/div>\n<div id=\"2115947-Mediano-1793828987_copyright\" class=\"embed_copyright\">Huffington Post<\/div>\n<\/div>\n<p>A su vez, el Ayuntamiento inst\u00f3 a la poblaci\u00f3n a <b>utilizar \u00abtransporte p\u00fablico\u00bb <\/b>y \u00ablimitar el ejercicio al aire libre a personas con problemas respiratorios\u00bb.<\/p>\n<p>F. Infobae.<\/p>\n","protected":false},"excerpt":{"rendered":"<p>Madrid. La norma comenz\u00f3 a regir a las 6:00 hora local, en las zonas de estacionamiento regulado al\u00abpersistir el episodio de contaminaci\u00f3n por di\u00f3xido de nitr\u00f3geno que afecta a la ciudad desde el pasado martes\u00bb. De esta manera, quienes estacionen su veh\u00edculo entre las 6 y las 21 horas en los sectores demarcado con verde [&hellip;]<\/p>\n","protected":false},"author":7,"featured_media":32493,"comment_status":"open","ping_status":"open","sticky":false,"template":"","format":"standard","meta":{"footnotes":""},"categories":[85,40,45],"tags":[],"class_list":["post-32491","post","type-post","status-publish","format-standard","has-post-thumbnail","hentry","category-espana","category-internacionales","category-salud"],"_links":{"self":[{"href":"https:\/\/2horizontes.com\/index.php?rest_route=\/wp\/v2\/posts\/32491","targetHints":{"allow":["GET"]}}],"collection":[{"href":"https:\/\/2horizontes.com\/index.php?rest_route=\/wp\/v2\/posts"}],"about":[{"href":"https:\/\/2horizontes.com\/index.php?rest_route=\/wp\/v2\/types\/post"}],"author":[{"embeddable":true,"href":"https:\/\/2horizontes.com\/index.php?rest_route=\/wp\/v2\/users\/7"}],"replies":[{"embeddable":true,"href":"https:\/\/2horizontes.com\/index.php?rest_route=%2Fwp%2Fv2%2Fcomments&post=32491"}],"version-history":[{"count":2,"href":"https:\/\/2horizontes.com\/index.php?rest_route=\/wp\/v2\/posts\/32491\/revisions"}],"predecessor-version":[{"id":32502,"href":"https:\/\/2horizontes.com\/index.php?rest_route=\/wp\/v2\/posts\/32491\/revisions\/32502"}],"wp:featuredmedia":[{"embeddable":true,"href":"https:\/\/2horizontes.com\/index.php?rest_route=\/wp\/v2\/media\/32493"}],"wp:attachment":[{"href":"https:\/\/2horizontes.com\/index.php?rest_route=%2Fwp%2Fv2%2Fmedia&parent=32491"}],"wp:term":[{"taxonomy":"category","embeddable":true,"href":"https:\/\/2horizontes.com\/index.php?rest_route=%2Fwp%2Fv2%2Fcategories&post=32491"},{"taxonomy":"post_tag","embeddable":true,"href":"https:\/\/2horizontes.com\/index.php?rest_route=%2Fwp%2Fv2%2Ftags&post=32491"}],"curies":[{"name":"wp","href":"https:\/\/api.w.org\/{rel}","templated":true}]}}