{"id":32442,"date":"2015-11-13T11:59:10","date_gmt":"2015-11-13T10:59:10","guid":{"rendered":"http:\/\/2horizontes.com\/?p=32442"},"modified":"2015-11-13T11:59:10","modified_gmt":"2015-11-13T10:59:10","slug":"detenidas-13-personas-de-una-red-yihadista-presente-en-6-paises-europeos","status":"publish","type":"post","link":"https:\/\/2horizontes.com\/?p=32442","title":{"rendered":"Detenidas 13 personas de una red yihadista presente en 6 pa\u00edses europeos"},"content":{"rendered":"<p>Trece presuntos terroristas islamistas han sido detenidos este jueves en diversos pa\u00edses europeos, la mayor\u00eda en Italia, acusados de formar parte de una c\u00e9lula yihadista internacional que ten\u00eda previsto llevar a cabo atentados en el norte de Europa.<\/p>\n<p>Seis personas fueron arrestadas en Italia, cuatro m\u00e1s en el Reino Unido, y tres en Noruega, y existen \u00f3rdenes de detenci\u00f3n contra cuatro personas m\u00e1s que no se pudieron localizar. Se cree que estar\u00e1n en Siria o Irak, donde posiblemente viajaron para unirse a grupos terroristas. Todos los detenidos son kurdos, menos uno, que es kosovar.<\/p>\n<p>En concreto, los presuntos terroristas pretend\u00edan atentar contra diplom\u00e1ticos noruegos y brit\u00e1nicos, como medida de presi\u00f3n para conseguir la liberaci\u00f3n de su l\u00edder, el mul\u00e1 Krekar.<\/p>\n<p>El l\u00edder isl\u00e1mico fund\u00f3 el grupo radical Ansar al Islam en 2001 y se encuentra entre rejas en Noruega, pero desde la c\u00e1rcel continuaba marcando la estrategia y siendo la gu\u00eda ideol\u00f3gica de dicho grupo radical, con ramificaciones en diversos pa\u00edses europeos.<\/p>\n<p>La redada antiterrorista que se ha llevado a cabo este jueves ha sido posible despu\u00e9s de que se realizaran investigaciones en Italia, Reino Unido, Noruega, Alemania y Suiza.<\/p>\n<p>Los yihadistas utilizaban internet como principal instrumento para sus comunicaciones y para captar a nuevos integrantes del grupo. Asimismo, en un apartamento de la localidad italiana de Merano, en el norte del pa\u00eds, se realizaban reuniones con el mismo objetivo.<\/p>\n<p>\u00abSomos un pa\u00eds expuesto al riesgo del terrorismo internacional porque formamos parte de esa gran coalici\u00f3n que lucha contra el califato\u00bb, declar\u00f3 el ministro de Interior italiano, Angelino Alfano, quien a\u00f1adi\u00f3 orgulloso: \u00abHoy es un gran d\u00eda para nuestro pa\u00eds.<\/p>\n<p>Los carabinieri han llevado a cabo una important\u00edsima operaci\u00f3n antiterrorismo que pone en evidencia la fortaleza del Estado y de la cooperaci\u00f3n internacional\u00bb.<\/p>\n<p>El im\u00e1n Krekar se encuentra en Noruega desde 1991, a\u00f1o en que lleg\u00f3 a ese pa\u00eds como refugiado. En 2012, ya fue encarcelado por amenazar de muerte a diversos oficiales. Y en febrero de 2015 volvi\u00f3 a ser detenido tras alabar en una entrevista de televisi\u00f3n el atentado ocurrido en Par\u00eds contra el semanario sat\u00edrico Charlie Hebdo.<\/p>\n","protected":false},"excerpt":{"rendered":"<p>Trece presuntos terroristas islamistas han sido detenidos este jueves en diversos pa\u00edses europeos, la mayor\u00eda en Italia, acusados de formar parte de una c\u00e9lula yihadista internacional que ten\u00eda previsto llevar a cabo atentados en el norte de Europa. Seis personas fueron arrestadas en Italia, cuatro m\u00e1s en el Reino Unido, y tres en Noruega, y [&hellip;]<\/p>\n","protected":false},"author":3,"featured_media":32443,"comment_status":"open","ping_status":"open","sticky":false,"template":"","format":"standard","meta":{"footnotes":""},"categories":[86,40],"tags":[],"class_list":["post-32442","post","type-post","status-publish","format-standard","has-post-thumbnail","hentry","category-europa","category-internacionales"],"_links":{"self":[{"href":"https:\/\/2horizontes.com\/index.php?rest_route=\/wp\/v2\/posts\/32442","targetHints":{"allow":["GET"]}}],"collection":[{"href":"https:\/\/2horizontes.com\/index.php?rest_route=\/wp\/v2\/posts"}],"about":[{"href":"https:\/\/2horizontes.com\/index.php?rest_route=\/wp\/v2\/types\/post"}],"author":[{"embeddable":true,"href":"https:\/\/2horizontes.com\/index.php?rest_route=\/wp\/v2\/users\/3"}],"replies":[{"embeddable":true,"href":"https:\/\/2horizontes.com\/index.php?rest_route=%2Fwp%2Fv2%2Fcomments&post=32442"}],"version-history":[{"count":1,"href":"https:\/\/2horizontes.com\/index.php?rest_route=\/wp\/v2\/posts\/32442\/revisions"}],"predecessor-version":[{"id":32444,"href":"https:\/\/2horizontes.com\/index.php?rest_route=\/wp\/v2\/posts\/32442\/revisions\/32444"}],"wp:featuredmedia":[{"embeddable":true,"href":"https:\/\/2horizontes.com\/index.php?rest_route=\/wp\/v2\/media\/32443"}],"wp:attachment":[{"href":"https:\/\/2horizontes.com\/index.php?rest_route=%2Fwp%2Fv2%2Fmedia&parent=32442"}],"wp:term":[{"taxonomy":"category","embeddable":true,"href":"https:\/\/2horizontes.com\/index.php?rest_route=%2Fwp%2Fv2%2Fcategories&post=32442"},{"taxonomy":"post_tag","embeddable":true,"href":"https:\/\/2horizontes.com\/index.php?rest_route=%2Fwp%2Fv2%2Ftags&post=32442"}],"curies":[{"name":"wp","href":"https:\/\/api.w.org\/{rel}","templated":true}]}}