{"id":32433,"date":"2015-11-13T11:38:13","date_gmt":"2015-11-13T10:38:13","guid":{"rendered":"http:\/\/2horizontes.com\/?p=32433"},"modified":"2015-11-13T11:38:13","modified_gmt":"2015-11-13T10:38:13","slug":"banderas-en-espana-no-necesitamos-un-presidente-sino-un-psicologo","status":"publish","type":"post","link":"https:\/\/2horizontes.com\/?p=32433","title":{"rendered":"Banderas: &#8216;En Espa\u00f1a no necesitamos un presidente, sino un psic\u00f3logo"},"content":{"rendered":"<p>En medio de un clima politizado por la tensa relaci\u00f3n Espa\u00f1a- Catalu\u00f1a, Antonio Banderas ha viajado esta ma\u00f1ana de Los Angeles a Barcelona para recibir el homenaje que la Academia del Cine Catal\u00e1n rinde cada a\u00f1o al Goya de Honor, en su caso, por \u00abuna fulgurante carrera en ambos lados del Atl\u00e1ntico, donde ha desarrollado una vers\u00e1til trayectoria como int\u00e9rprete, ha mostrado su punto de vista como realizador y se ha implicado en el terreno de la producci\u00f3n para apoyar los valores nacionales\u00bb.<\/p>\n<p>Con este acto, celebrado en la Antigua F\u00e1brica Damm, el actor ha dado el pistoletazo de salida a los Premios Gaud\u00ed-Premios Goya de la Filmoteca de Catalunya, donde est\u00e1 noche se proyectar\u00e1 su pel\u00edcula &#8216;El camino de los ingleses&#8217; (2006), junto a la presidenta de la Acad\u00e8mia, Isona Passola, y el vicepresidente segundo de la Academia del Cine Espa\u00f1ola, Edmon Roch.<\/p>\n<p>En todo momento, el actor mostr\u00f3 sin tapujos su visi\u00f3n personal sobre la actual situaci\u00f3n catalana, ya que paralelamente se estaba celebrando el segundo pleno del debate sobre la envestidura de Artur Mas como President de la Generalitat en el Parlament de Catalu\u00f1a.<\/p>\n<p>Cuando termin\u00f3 la dictadura ten\u00eda 15 a\u00f1os y fui creciendo y haci\u00e9ndome hombre de forma paralela a la democracia.<\/p>\n<p>Entiendo todas las partes, incluso la de los independentistas, pero personalmente me gustar\u00eda no s\u00f3lo seguir viviendo juntos, sino seguir so\u00f1ando juntos\u00bb, y a\u00f1adi\u00f3, \u00abde joven formaba parte de un grupo de teatro en el que todos admir\u00e1bamos a Catalu\u00f1a, Els Jogarls, el Teatre Lliure.<\/p>\n<p>Cuando visitabamos Barcelona ve\u00edamos la ciudad a la que quer\u00edamos parecernos. Espa\u00f1a ha admirado siempre a Catalu\u00f1a y eso es algo que tienen que saber\u00bb.<\/p>\n<p>Muy sincero, declar\u00f3 estar hablando desde el coraz\u00f3n: \u00abEsta situaci\u00f3n ha llegado a convertirse en un proceso Shakesperiano, ser o no ser, quererse o no quererse, yo me siento orgulloso de ser espa\u00f1ol y eso de no querer serlo produce dolor hacia Catalu\u00f1a, te sientes rechazado, es como si un amigo te deja de querer porque no eres suficiente\u00bb.<\/p>\n<p>Con lo que lleg\u00f3 a manifestar: \u00abErgo, en nuestro pa\u00eds no necesitamos un presidente, necesitamos un psic\u00f3logo\u00bb. Y se anim\u00f3 a bromear que \u00abnadie tiene que renunciar al pan con tomate pase lo que pase\u00bb.<\/p>\n","protected":false},"excerpt":{"rendered":"<p>En medio de un clima politizado por la tensa relaci\u00f3n Espa\u00f1a- Catalu\u00f1a, Antonio Banderas ha viajado esta ma\u00f1ana de Los Angeles a Barcelona para recibir el homenaje que la Academia del Cine Catal\u00e1n rinde cada a\u00f1o al Goya de Honor, en su caso, por \u00abuna fulgurante carrera en ambos lados del Atl\u00e1ntico, donde ha desarrollado [&hellip;]<\/p>\n","protected":false},"author":3,"featured_media":32434,"comment_status":"open","ping_status":"open","sticky":false,"template":"","format":"standard","meta":{"footnotes":""},"categories":[1,85],"tags":[],"class_list":["post-32433","post","type-post","status-publish","format-standard","has-post-thumbnail","hentry","category-entretenimiento","category-espana"],"_links":{"self":[{"href":"https:\/\/2horizontes.com\/index.php?rest_route=\/wp\/v2\/posts\/32433","targetHints":{"allow":["GET"]}}],"collection":[{"href":"https:\/\/2horizontes.com\/index.php?rest_route=\/wp\/v2\/posts"}],"about":[{"href":"https:\/\/2horizontes.com\/index.php?rest_route=\/wp\/v2\/types\/post"}],"author":[{"embeddable":true,"href":"https:\/\/2horizontes.com\/index.php?rest_route=\/wp\/v2\/users\/3"}],"replies":[{"embeddable":true,"href":"https:\/\/2horizontes.com\/index.php?rest_route=%2Fwp%2Fv2%2Fcomments&post=32433"}],"version-history":[{"count":1,"href":"https:\/\/2horizontes.com\/index.php?rest_route=\/wp\/v2\/posts\/32433\/revisions"}],"predecessor-version":[{"id":32435,"href":"https:\/\/2horizontes.com\/index.php?rest_route=\/wp\/v2\/posts\/32433\/revisions\/32435"}],"wp:featuredmedia":[{"embeddable":true,"href":"https:\/\/2horizontes.com\/index.php?rest_route=\/wp\/v2\/media\/32434"}],"wp:attachment":[{"href":"https:\/\/2horizontes.com\/index.php?rest_route=%2Fwp%2Fv2%2Fmedia&parent=32433"}],"wp:term":[{"taxonomy":"category","embeddable":true,"href":"https:\/\/2horizontes.com\/index.php?rest_route=%2Fwp%2Fv2%2Fcategories&post=32433"},{"taxonomy":"post_tag","embeddable":true,"href":"https:\/\/2horizontes.com\/index.php?rest_route=%2Fwp%2Fv2%2Ftags&post=32433"}],"curies":[{"name":"wp","href":"https:\/\/api.w.org\/{rel}","templated":true}]}}